{"id":2527,"date":"2014-06-26T12:50:58","date_gmt":"2014-06-26T15:50:58","guid":{"rendered":"http:\/\/paulorobertodaradio.com.br\/site\/?p=2527"},"modified":"2014-06-26T13:17:52","modified_gmt":"2014-06-26T16:17:52","slug":"em-miradouro-arvores-de-20-anos-e-cortada-na-e-p-a-k","status":"publish","type":"post","link":"http:\/\/paulorobertodaradio.com.br\/site\/?p=2527","title":{"rendered":"EM MIRADOURO: ARVORE DE 20 ANOS \u00c9 CORTADA  NA E.P.A.K."},"content":{"rendered":"<p><span style=\"line-height: 1.714285714; font-size: 1rem;\"><a href=\"http:\/\/paulorobertodaradio.com.br\/site\/wp-content\/uploads\/2014\/06\/EPAK-01.jpg\"><img loading=\"lazy\" decoding=\"async\" class=\"aligncenter size-full wp-image-2530\" alt=\"EPAK 01\" src=\"http:\/\/paulorobertodaradio.com.br\/site\/wp-content\/uploads\/2014\/06\/EPAK-01.jpg\" width=\"960\" height=\"720\" srcset=\"http:\/\/paulorobertodaradio.com.br\/site\/wp-content\/uploads\/2014\/06\/EPAK-01.jpg 960w, http:\/\/paulorobertodaradio.com.br\/site\/wp-content\/uploads\/2014\/06\/EPAK-01-300x225.jpg 300w, http:\/\/paulorobertodaradio.com.br\/site\/wp-content\/uploads\/2014\/06\/EPAK-01-624x468.jpg 624w\" sizes=\"auto, (max-width: 960px) 100vw, 960px\" \/><\/a>Uma arvore super alta foi levada ao ch\u00e3o na manh\u00e3 desta quarta feira, o que a natureza levou mais ou menos 20 anos pra levantar, alguns homens com uma motosserra levaram ao ch\u00e3o em poucas segundos, ap\u00f3s mais ou menos uma hora de motor funcionando.<\/span><\/p>\n<p>N\u00f3s registramos o antes e o depois da queda da \u00e1rvore, entramos em contato com o diretor da escola o Marcelo Meireles, que nos informou que ela foi derrubada para a constru\u00e7\u00e3o de uma nova quadra polisportiva, e que foi pedida a licen\u00e7a para executar o corte da mesma.<\/p>\n<p>O respons\u00e1vel pela obra a AMP constru\u00e7\u00f5es de Muria\u00e9 entrou em contato com nossa produ\u00e7\u00e3o: &#8221; A arvore era um pinheiro, e estava com raizes e tronco j\u00e1 com apodrecimento, inclusive estava representando riscos para os alunos, ela poderia cair sobre a estrutura da quadra da nova quadra, estamos \u00e0 disposi\u00e7\u00e3o pra mais informa\u00e7\u00f5es. Essa nova quadra \u00e9 fruto de verba do governo federal &#8220;, disse Magno Ferreira, um dos respons\u00e1veis pela AMP constru\u00e7\u00f5es juntamente com o Adeilson.<\/p>\n<p>Segundo Marcelo Meireles, a obra tem prazo de 150 dias pra entrega, e quadra ser\u00e1 totalmente coberta, com 2 banheiros, e um pequeno palco, que poder\u00e1 ser usado para a realiza\u00e7\u00e3o de eventos como formaturas. Essa obra vai trazer mais comodidade e conforto para os alunos praticarem as aulas de educa\u00e7\u00e3o f\u00edsica, livres do sol escaldante.<\/p>\n<p>Nossa produ\u00e7\u00e3o tamb\u00e9m tomou conhecimento das 8 salas de aula que est\u00e3o nos fundos da escola, elas est\u00e3o prec\u00e1rias, com vazamentos de goteiras no teto, gambiarras el\u00e9tricas, p\u00e9ssima ventila\u00e7\u00e3o, precisando de pintura, e \u00e9 preciso que a secretaria de educa\u00e7\u00e3o do estado de Minas Gerais tome algumas medidas necess\u00e1rias.<\/p>\n<p><a href=\"http:\/\/paulorobertodaradio.com.br\/site\/wp-content\/uploads\/2014\/06\/EPAK-02.jpg\"><img loading=\"lazy\" decoding=\"async\" class=\"aligncenter size-full wp-image-2531\" alt=\"EPAK 02\" src=\"http:\/\/paulorobertodaradio.com.br\/site\/wp-content\/uploads\/2014\/06\/EPAK-02.jpg\" width=\"960\" height=\"720\" srcset=\"http:\/\/paulorobertodaradio.com.br\/site\/wp-content\/uploads\/2014\/06\/EPAK-02.jpg 960w, http:\/\/paulorobertodaradio.com.br\/site\/wp-content\/uploads\/2014\/06\/EPAK-02-300x225.jpg 300w, http:\/\/paulorobertodaradio.com.br\/site\/wp-content\/uploads\/2014\/06\/EPAK-02-624x468.jpg 624w\" sizes=\"auto, (max-width: 960px) 100vw, 960px\" \/><\/a><\/p>\n<p style=\"text-align: center;\">Essa foto acima \u00e9 logo depois da queda da \u00e1rvore levantou poeira.<a href=\"http:\/\/paulorobertodaradio.com.br\/site\/wp-content\/uploads\/2014\/06\/DROGAS-JF031.jpg\"><br \/>\n<\/a> <a href=\"http:\/\/paulorobertodaradio.com.br\/site\/wp-content\/uploads\/2014\/06\/EPAK-03.jpg\"><img loading=\"lazy\" decoding=\"async\" class=\"aligncenter size-full wp-image-2533\" alt=\"EPAK 03\" src=\"http:\/\/paulorobertodaradio.com.br\/site\/wp-content\/uploads\/2014\/06\/EPAK-03.jpg\" width=\"960\" height=\"720\" srcset=\"http:\/\/paulorobertodaradio.com.br\/site\/wp-content\/uploads\/2014\/06\/EPAK-03.jpg 960w, http:\/\/paulorobertodaradio.com.br\/site\/wp-content\/uploads\/2014\/06\/EPAK-03-300x225.jpg 300w, http:\/\/paulorobertodaradio.com.br\/site\/wp-content\/uploads\/2014\/06\/EPAK-03-624x468.jpg 624w\" sizes=\"auto, (max-width: 960px) 100vw, 960px\" \/><\/a> <a href=\"http:\/\/paulorobertodaradio.com.br\/site\/wp-content\/uploads\/2014\/06\/EPAK-04.jpg\"><img loading=\"lazy\" decoding=\"async\" class=\"aligncenter size-full wp-image-2534\" alt=\"EPAK 04\" src=\"http:\/\/paulorobertodaradio.com.br\/site\/wp-content\/uploads\/2014\/06\/EPAK-04.jpg\" width=\"960\" height=\"720\" srcset=\"http:\/\/paulorobertodaradio.com.br\/site\/wp-content\/uploads\/2014\/06\/EPAK-04.jpg 960w, http:\/\/paulorobertodaradio.com.br\/site\/wp-content\/uploads\/2014\/06\/EPAK-04-300x225.jpg 300w, http:\/\/paulorobertodaradio.com.br\/site\/wp-content\/uploads\/2014\/06\/EPAK-04-624x468.jpg 624w\" sizes=\"auto, (max-width: 960px) 100vw, 960px\" \/><\/a> <a href=\"http:\/\/paulorobertodaradio.com.br\/site\/wp-content\/uploads\/2014\/06\/EPAK-05.jpg\"><img loading=\"lazy\" decoding=\"async\" class=\"aligncenter size-full wp-image-2535\" alt=\"EPAK 05\" src=\"http:\/\/paulorobertodaradio.com.br\/site\/wp-content\/uploads\/2014\/06\/EPAK-05.jpg\" width=\"960\" height=\"720\" srcset=\"http:\/\/paulorobertodaradio.com.br\/site\/wp-content\/uploads\/2014\/06\/EPAK-05.jpg 960w, http:\/\/paulorobertodaradio.com.br\/site\/wp-content\/uploads\/2014\/06\/EPAK-05-300x225.jpg 300w, http:\/\/paulorobertodaradio.com.br\/site\/wp-content\/uploads\/2014\/06\/EPAK-05-624x468.jpg 624w\" sizes=\"auto, (max-width: 960px) 100vw, 960px\" \/><\/a><\/p>\n","protected":false},"excerpt":{"rendered":"<p>Uma arvore super alta foi levada ao ch\u00e3o na manh\u00e3 desta quarta feira, o que a natureza levou mais ou menos 20 anos pra levantar, alguns homens com uma motosserra levaram ao ch\u00e3o em poucas segundos, ap\u00f3s mais ou menos uma hora de motor funcionando. N\u00f3s registramos o antes e o depois da queda da [&hellip;]<\/p>\n","protected":false},"author":2,"featured_media":0,"comment_status":"open","ping_status":"open","sticky":false,"template":"","format":"standard","meta":{"footnotes":""},"categories":[1],"tags":[],"class_list":["post-2527","post","type-post","status-publish","format-standard","hentry","category-sem-categoria"],"_links":{"self":[{"href":"http:\/\/paulorobertodaradio.com.br\/site\/index.php?rest_route=\/wp\/v2\/posts\/2527","targetHints":{"allow":["GET"]}}],"collection":[{"href":"http:\/\/paulorobertodaradio.com.br\/site\/index.php?rest_route=\/wp\/v2\/posts"}],"about":[{"href":"http:\/\/paulorobertodaradio.com.br\/site\/index.php?rest_route=\/wp\/v2\/types\/post"}],"author":[{"embeddable":true,"href":"http:\/\/paulorobertodaradio.com.br\/site\/index.php?rest_route=\/wp\/v2\/users\/2"}],"replies":[{"embeddable":true,"href":"http:\/\/paulorobertodaradio.com.br\/site\/index.php?rest_route=%2Fwp%2Fv2%2Fcomments&post=2527"}],"version-history":[{"count":6,"href":"http:\/\/paulorobertodaradio.com.br\/site\/index.php?rest_route=\/wp\/v2\/posts\/2527\/revisions"}],"predecessor-version":[{"id":2529,"href":"http:\/\/paulorobertodaradio.com.br\/site\/index.php?rest_route=\/wp\/v2\/posts\/2527\/revisions\/2529"}],"wp:attachment":[{"href":"http:\/\/paulorobertodaradio.com.br\/site\/index.php?rest_route=%2Fwp%2Fv2%2Fmedia&parent=2527"}],"wp:term":[{"taxonomy":"category","embeddable":true,"href":"http:\/\/paulorobertodaradio.com.br\/site\/index.php?rest_route=%2Fwp%2Fv2%2Fcategories&post=2527"},{"taxonomy":"post_tag","embeddable":true,"href":"http:\/\/paulorobertodaradio.com.br\/site\/index.php?rest_route=%2Fwp%2Fv2%2Ftags&post=2527"}],"curies":[{"name":"wp","href":"https:\/\/api.w.org\/{rel}","templated":true}]}}