{"id":2548,"date":"2014-06-28T09:25:34","date_gmt":"2014-06-28T12:25:34","guid":{"rendered":"http:\/\/paulorobertodaradio.com.br\/site\/?p=2548"},"modified":"2014-06-28T09:27:00","modified_gmt":"2014-06-28T12:27:00","slug":"em-muriae-empresario-do-ramo-de-veiculos-consegue-liberdade","status":"publish","type":"post","link":"http:\/\/paulorobertodaradio.com.br\/site\/?p=2548","title":{"rendered":"EM MURIA\u00c9: EMPRES\u00c1RIO DO RAMO DE VE\u00cdCULOS CONSEGUE LIBERDADE."},"content":{"rendered":"<p><a href=\"http:\/\/paulorobertodaradio.com.br\/site\/wp-content\/uploads\/2014\/06\/empresario-liberdade.jpg\"><img loading=\"lazy\" decoding=\"async\" class=\"size-full wp-image-2549 alignleft\" alt=\"empresario liberdade\" src=\"http:\/\/paulorobertodaradio.com.br\/site\/wp-content\/uploads\/2014\/06\/empresario-liberdade.jpg\" width=\"450\" height=\"299\" srcset=\"http:\/\/paulorobertodaradio.com.br\/site\/wp-content\/uploads\/2014\/06\/empresario-liberdade.jpg 450w, http:\/\/paulorobertodaradio.com.br\/site\/wp-content\/uploads\/2014\/06\/empresario-liberdade-300x199.jpg 300w\" sizes=\"auto, (max-width: 450px) 100vw, 450px\" \/><\/a>Ap\u00f3s 82 dias, foi liberado na tarde desta sexta-feira (26), o empres\u00e1rio do ramo de revenda de ve\u00edculos, que havia sido preso no final da manh\u00e3 do dia 4 de abril. No dia da pris\u00e3o, a Pol\u00edcia Civil retirou cerca de 40 ve\u00edculos que estavam em uma revendedora, na Barra, e foram levados para um p\u00e1tio credenciado ao Detran. Na tarde de sexta ele foi liberado, por for\u00e7a de um Habeas Corpus concedido pelo Tribunal de Justi\u00e7a de Minas Gerais, segundo explicou o advogado do empres\u00e1rio.<br \/>\n\u201cDesde o dia da pris\u00e3o que venho buscando o direito do meu cliente responder ao processo em liberdade\u201d, explicou ainda o advogado. Na tarde de quinta-feira (25), em continua\u00e7\u00e3o ao julgamento que havia se iniciado no \u00faltimo dia 05\/06, ap\u00f3s o Primeiro Desembargador (o Relator) ter votado CONTRA, o segundo e terceiro Desembargadores votaram favoravelmente a conceder o habeas corpus, explicou Dr. Ricardo Couri.<br \/>\nSegundo o delegado Alessandro da Matta, que esteve a frente da opera\u00e7\u00e3o, as investiga\u00e7\u00f5es vinham sendo feitas h\u00e1 cerca de quatro anos, e os motivos alegados pelo mesmo para a pris\u00e3o s\u00e3o: lavagem de dinheiro, feita com compra e venda de ve\u00edculos.<\/p>\n<p>Colabora\u00e7\u00e3o: interligadoonline.com.br<\/p>\n","protected":false},"excerpt":{"rendered":"<p>Ap\u00f3s 82 dias, foi liberado na tarde desta sexta-feira (26), o empres\u00e1rio do ramo de revenda de ve\u00edculos, que havia sido preso no final da manh\u00e3 do dia 4 de abril. No dia da pris\u00e3o, a Pol\u00edcia Civil retirou cerca de 40 ve\u00edculos que estavam em uma revendedora, na Barra, e foram levados para um [&hellip;]<\/p>\n","protected":false},"author":2,"featured_media":0,"comment_status":"open","ping_status":"open","sticky":false,"template":"","format":"standard","meta":{"footnotes":""},"categories":[1],"tags":[],"class_list":["post-2548","post","type-post","status-publish","format-standard","hentry","category-sem-categoria"],"_links":{"self":[{"href":"http:\/\/paulorobertodaradio.com.br\/site\/index.php?rest_route=\/wp\/v2\/posts\/2548","targetHints":{"allow":["GET"]}}],"collection":[{"href":"http:\/\/paulorobertodaradio.com.br\/site\/index.php?rest_route=\/wp\/v2\/posts"}],"about":[{"href":"http:\/\/paulorobertodaradio.com.br\/site\/index.php?rest_route=\/wp\/v2\/types\/post"}],"author":[{"embeddable":true,"href":"http:\/\/paulorobertodaradio.com.br\/site\/index.php?rest_route=\/wp\/v2\/users\/2"}],"replies":[{"embeddable":true,"href":"http:\/\/paulorobertodaradio.com.br\/site\/index.php?rest_route=%2Fwp%2Fv2%2Fcomments&post=2548"}],"version-history":[{"count":3,"href":"http:\/\/paulorobertodaradio.com.br\/site\/index.php?rest_route=\/wp\/v2\/posts\/2548\/revisions"}],"predecessor-version":[{"id":2551,"href":"http:\/\/paulorobertodaradio.com.br\/site\/index.php?rest_route=\/wp\/v2\/posts\/2548\/revisions\/2551"}],"wp:attachment":[{"href":"http:\/\/paulorobertodaradio.com.br\/site\/index.php?rest_route=%2Fwp%2Fv2%2Fmedia&parent=2548"}],"wp:term":[{"taxonomy":"category","embeddable":true,"href":"http:\/\/paulorobertodaradio.com.br\/site\/index.php?rest_route=%2Fwp%2Fv2%2Fcategories&post=2548"},{"taxonomy":"post_tag","embeddable":true,"href":"http:\/\/paulorobertodaradio.com.br\/site\/index.php?rest_route=%2Fwp%2Fv2%2Ftags&post=2548"}],"curies":[{"name":"wp","href":"https:\/\/api.w.org\/{rel}","templated":true}]}}