{"id":2553,"date":"2014-06-28T10:02:26","date_gmt":"2014-06-28T13:02:26","guid":{"rendered":"http:\/\/paulorobertodaradio.com.br\/site\/?p=2553"},"modified":"2014-06-28T10:02:26","modified_gmt":"2014-06-28T13:02:26","slug":"em-fervedouro-cidade-esta-de-luto","status":"publish","type":"post","link":"http:\/\/paulorobertodaradio.com.br\/site\/?p=2553","title":{"rendered":"EM FERVEDOURO: CIDADE EST\u00c1 DE LUTO"},"content":{"rendered":"<p><a href=\"http:\/\/paulorobertodaradio.com.br\/site\/wp-content\/uploads\/2014\/06\/luto.jpg\"><img loading=\"lazy\" decoding=\"async\" class=\"size-full wp-image-2554 alignleft\" alt=\"luto\" src=\"http:\/\/paulorobertodaradio.com.br\/site\/wp-content\/uploads\/2014\/06\/luto.jpg\" width=\"259\" height=\"194\" \/><\/a>Na tarde desta sexta feira (27), uma m\u00e3e tentou falar com seu filho atrav\u00e9s do celular , ele que estaria em casa. N\u00e3o conseguindo ela pediu que um vizinho fosse a at\u00e9 sua casa, foi quando ao entrarem na casa perceber\u00e3o que ele havia se enforcado e j\u00e1 estava morto. O jovem tinha apenas 25 anos , era pai de dois filhos, mas estava separado devido o relacionamento n\u00e3o ter dado certo. Ainda n\u00e3o se sabe o real motivo que levou o jovem a fazer isso.<\/p>\n<p>O corpo teria sido levado para necr\u00f3psia e voltaria ainda ontem at\u00e9 as 23 horas para o vel\u00f3rio, o sepultamento acontece neste s\u00e1bado (28). O pais est\u00e3o inconformados.<\/p>\n<p><strong><span style=\"color: #ff0000;\">\u00a0\u00a0 \u00a0SE VOC\u00ca PERDEU A VONTADE DE VIVER, PROCURE AJUDA!!!!!<\/span><\/strong><\/p>\n<p>N\u00e3o fa\u00e7a uma loucura destas, procure ajuda psicol\u00f3gica, e principalmente espiritual. Procure uma das Igrejas Internacional da Gra\u00e7a de Deus mais perto de voc\u00ea. Os pastores e os obreiros ir\u00e3o orar por voc\u00ea, pois na maioria dos casos esse tipo de atitude \u00e9 causada por uma influ\u00eancia mal\u00edguina , tanto que voc\u00ea pode perceber que a maioria das pessoas que tenta o suic\u00eddio e n\u00e3o consegue concluir diz : &#8220;Uma voz me dizia, acaba com sua vida e o problema acaba&#8221;. Essa voz \u00e9 o pr\u00f3prio inimigo que tenta frustrar todo projeto de vida da pessoa. E ele \u00e9 mentiroso, pois a vida n\u00e3o acaba com a morte, a b\u00edblia fala &#8220;existe uma vida eterna&#8221; e pode ser o c\u00e9u ou o inferno pra todo ser humano. Pra onde vamos depende do caminho que escolhemos em vida.<\/p>\n<p>N\u00e3o existe grande motivo pra desistir de viver diante do grande Deus que existe pra aben\u00e7oar aquele que o busca. Se \u00e9 d\u00edvida, divida se paga, se parcela. Se \u00e9 juros do cart\u00e3o de cr\u00e9dito e n\u00e3o consegue pagar, se poss\u00edvel parcele, caso os juros sejam muito altos, aguarde em ora\u00e7\u00e3o, pois na hora que o banco perceber que ele exagerou nos juros e voc\u00ea n\u00e3o tem como pagar, ele tira os juros pra n\u00e3o perder o valor bruto emprestado a voc\u00ea. Se \u00e9 amor perdido ou terminado, espere, avida pode restaurar o antigo amor ou trazer outro novinho em folha.<\/p>\n<p>Procure uma Igreja Internacional da Gra\u00e7a de Deus, fale com o pastor, pe\u00e7a um conselho e dentro da b\u00edblia, com \u00a0a palavra de Deus ele vai plantar uma esperan\u00e7a de vida pra voc\u00ea.<\/p>\n<p><strong><span style=\"color: #ff0000;\">EM MURIA\u00c9:<\/span><\/strong> Rua Benedito Valadares, no antigo Cinema da barra, ao lado dos correios, fale com o Pastor Carlos Michel. Que atende tamb\u00e9m todas as quintas feiras no Bairro caixa D\u00e1gua, em Cima da r\u00e1dio Miradouro na cidade de <strong><span style=\"color: #ff0000;\">Miradouro,<\/span><\/strong><span style=\"color: #ff0000;\"><span style=\"color: #000000;\">C<\/span><\/span><span style=\"color: #000000;\">ultos todas as quintas as 19:30.<\/span><\/p>\n<p><span style=\"color: #000000;\"><span style=\"color: #ff0000;\"><strong>Em Fervedouro,<\/strong><\/span> Procure o Pastor Paulo- com reuni\u00f5es as quartas, sextas e Domingos as 19:30.Se n\u00e3o tem igreja da Gra\u00e7a na sua cidade, procure uma igreja que prega o evangelho puro de Cristo, que medita e vive a B\u00edblia Sagrada.DESISTIR N\u00c3O \u00c9 A MELHOR SA\u00cdDA!!!!<\/span><\/p>\n<p>&nbsp;<\/p>\n<p>&nbsp;<\/p>\n<p>&nbsp;<\/p>\n<p>&nbsp;<\/p>\n","protected":false},"excerpt":{"rendered":"<p>Na tarde desta sexta feira (27), uma m\u00e3e tentou falar com seu filho atrav\u00e9s do celular , ele que estaria em casa. N\u00e3o conseguindo ela pediu que um vizinho fosse a at\u00e9 sua casa, foi quando ao entrarem na casa perceber\u00e3o que ele havia se enforcado e j\u00e1 estava morto. O jovem tinha apenas 25 [&hellip;]<\/p>\n","protected":false},"author":2,"featured_media":0,"comment_status":"open","ping_status":"open","sticky":false,"template":"","format":"standard","meta":{"footnotes":""},"categories":[1],"tags":[],"class_list":["post-2553","post","type-post","status-publish","format-standard","hentry","category-sem-categoria"],"_links":{"self":[{"href":"http:\/\/paulorobertodaradio.com.br\/site\/index.php?rest_route=\/wp\/v2\/posts\/2553","targetHints":{"allow":["GET"]}}],"collection":[{"href":"http:\/\/paulorobertodaradio.com.br\/site\/index.php?rest_route=\/wp\/v2\/posts"}],"about":[{"href":"http:\/\/paulorobertodaradio.com.br\/site\/index.php?rest_route=\/wp\/v2\/types\/post"}],"author":[{"embeddable":true,"href":"http:\/\/paulorobertodaradio.com.br\/site\/index.php?rest_route=\/wp\/v2\/users\/2"}],"replies":[{"embeddable":true,"href":"http:\/\/paulorobertodaradio.com.br\/site\/index.php?rest_route=%2Fwp%2Fv2%2Fcomments&post=2553"}],"version-history":[{"count":2,"href":"http:\/\/paulorobertodaradio.com.br\/site\/index.php?rest_route=\/wp\/v2\/posts\/2553\/revisions"}],"predecessor-version":[{"id":2556,"href":"http:\/\/paulorobertodaradio.com.br\/site\/index.php?rest_route=\/wp\/v2\/posts\/2553\/revisions\/2556"}],"wp:attachment":[{"href":"http:\/\/paulorobertodaradio.com.br\/site\/index.php?rest_route=%2Fwp%2Fv2%2Fmedia&parent=2553"}],"wp:term":[{"taxonomy":"category","embeddable":true,"href":"http:\/\/paulorobertodaradio.com.br\/site\/index.php?rest_route=%2Fwp%2Fv2%2Fcategories&post=2553"},{"taxonomy":"post_tag","embeddable":true,"href":"http:\/\/paulorobertodaradio.com.br\/site\/index.php?rest_route=%2Fwp%2Fv2%2Ftags&post=2553"}],"curies":[{"name":"wp","href":"https:\/\/api.w.org\/{rel}","templated":true}]}}