{"id":2557,"date":"2014-06-30T19:03:55","date_gmt":"2014-06-30T22:03:55","guid":{"rendered":"http:\/\/paulorobertodaradio.com.br\/site\/?p=2557"},"modified":"2014-06-30T19:05:22","modified_gmt":"2014-06-30T22:05:22","slug":"psdb-anuncia-o-candidato-a-vice-na-chapa-com-aecio","status":"publish","type":"post","link":"http:\/\/paulorobertodaradio.com.br\/site\/?p=2557","title":{"rendered":"PSDB ANUNCIA O CANDIDATO  A VICE NA CHAPA COM A\u00c9CIO"},"content":{"rendered":"<p><a href=\"http:\/\/paulorobertodaradio.com.br\/site\/wp-content\/uploads\/2014\/06\/aloisio-nunes.jpg\"><img loading=\"lazy\" decoding=\"async\" class=\"aligncenter size-full wp-image-2558\" alt=\"aloisio nunes\" src=\"http:\/\/paulorobertodaradio.com.br\/site\/wp-content\/uploads\/2014\/06\/aloisio-nunes.jpg\" width=\"640\" height=\"426\" srcset=\"http:\/\/paulorobertodaradio.com.br\/site\/wp-content\/uploads\/2014\/06\/aloisio-nunes.jpg 640w, http:\/\/paulorobertodaradio.com.br\/site\/wp-content\/uploads\/2014\/06\/aloisio-nunes-300x199.jpg 300w, http:\/\/paulorobertodaradio.com.br\/site\/wp-content\/uploads\/2014\/06\/aloisio-nunes-624x415.jpg 624w\" sizes=\"auto, (max-width: 640px) 100vw, 640px\" \/><\/a>PSDB anuncia Aloyisio Nunes como candidato \u00e0 Vice-Presid\u00eancia na chapa de A\u00e9cio Neves.<\/p>\n<p>Al\u00e9m disso, o partido escolhe o presidente nacional do Partido Democratas, Jos\u00e9 Agripino Maia, para coordenar a campanha presidencial do PSDB.<\/p>\n<p>Aloysio Nunes j\u00e1 foi deputado estadual e federal, vice-governador de S\u00e3o Paulo de 1991 a 1994, Ministro Chefe da Secretaria Geral da Presid\u00eancia da Rep\u00fablica e da Justi\u00e7a durante o governo de Fernando Henrique Cardoso.<\/p>\n<p>Em outubro de 2010, Aloysio Nunes se elege pela primeira vez como senador com uma vota\u00e7\u00e3o expressiva.<\/p>\n<p>No \u00faltimo domingo, o candidato \u00e0 reelei\u00e7\u00e3o para o governo paulista, Geraldo Alckmin, confirmou o nome de Marcio Fran\u00e7a como vice na chapa.<\/p>\n<p>Colabora\u00e7\u00e3o: ag\u00eancia radio 2<\/p>\n","protected":false},"excerpt":{"rendered":"<p>PSDB anuncia Aloyisio Nunes como candidato \u00e0 Vice-Presid\u00eancia na chapa de A\u00e9cio Neves. Al\u00e9m disso, o partido escolhe o presidente nacional do Partido Democratas, Jos\u00e9 Agripino Maia, para coordenar a campanha presidencial do PSDB. Aloysio Nunes j\u00e1 foi deputado estadual e federal, vice-governador de S\u00e3o Paulo de 1991 a 1994, Ministro Chefe da Secretaria Geral [&hellip;]<\/p>\n","protected":false},"author":2,"featured_media":0,"comment_status":"open","ping_status":"open","sticky":false,"template":"","format":"standard","meta":{"footnotes":""},"categories":[1],"tags":[],"class_list":["post-2557","post","type-post","status-publish","format-standard","hentry","category-sem-categoria"],"_links":{"self":[{"href":"http:\/\/paulorobertodaradio.com.br\/site\/index.php?rest_route=\/wp\/v2\/posts\/2557","targetHints":{"allow":["GET"]}}],"collection":[{"href":"http:\/\/paulorobertodaradio.com.br\/site\/index.php?rest_route=\/wp\/v2\/posts"}],"about":[{"href":"http:\/\/paulorobertodaradio.com.br\/site\/index.php?rest_route=\/wp\/v2\/types\/post"}],"author":[{"embeddable":true,"href":"http:\/\/paulorobertodaradio.com.br\/site\/index.php?rest_route=\/wp\/v2\/users\/2"}],"replies":[{"embeddable":true,"href":"http:\/\/paulorobertodaradio.com.br\/site\/index.php?rest_route=%2Fwp%2Fv2%2Fcomments&post=2557"}],"version-history":[{"count":3,"href":"http:\/\/paulorobertodaradio.com.br\/site\/index.php?rest_route=\/wp\/v2\/posts\/2557\/revisions"}],"predecessor-version":[{"id":2560,"href":"http:\/\/paulorobertodaradio.com.br\/site\/index.php?rest_route=\/wp\/v2\/posts\/2557\/revisions\/2560"}],"wp:attachment":[{"href":"http:\/\/paulorobertodaradio.com.br\/site\/index.php?rest_route=%2Fwp%2Fv2%2Fmedia&parent=2557"}],"wp:term":[{"taxonomy":"category","embeddable":true,"href":"http:\/\/paulorobertodaradio.com.br\/site\/index.php?rest_route=%2Fwp%2Fv2%2Fcategories&post=2557"},{"taxonomy":"post_tag","embeddable":true,"href":"http:\/\/paulorobertodaradio.com.br\/site\/index.php?rest_route=%2Fwp%2Fv2%2Ftags&post=2557"}],"curies":[{"name":"wp","href":"https:\/\/api.w.org\/{rel}","templated":true}]}}