{"id":2562,"date":"2014-06-30T19:08:54","date_gmt":"2014-06-30T22:08:54","guid":{"rendered":"http:\/\/paulorobertodaradio.com.br\/site\/?p=2562"},"modified":"2014-06-30T19:08:54","modified_gmt":"2014-06-30T22:08:54","slug":"em-muriae-corpo-de-homem-que-estava-desaparecido-e-encontrado","status":"publish","type":"post","link":"http:\/\/paulorobertodaradio.com.br\/site\/?p=2562","title":{"rendered":"EM MURIA\u00c9: CORPO DE HOMEM QUE ESTAVA DESAPARECIDO \u00c9 ENCONTRADO"},"content":{"rendered":"<p><a href=\"http:\/\/paulorobertodaradio.com.br\/site\/wp-content\/uploads\/2014\/06\/DESAPARECIDO_405x620.jpg\"><img loading=\"lazy\" decoding=\"async\" class=\"size-full wp-image-2485 alignleft\" alt=\"DESAPARECIDO_405x620\" src=\"http:\/\/paulorobertodaradio.com.br\/site\/wp-content\/uploads\/2014\/06\/DESAPARECIDO_405x620.jpg\" width=\"405\" height=\"620\" srcset=\"http:\/\/paulorobertodaradio.com.br\/site\/wp-content\/uploads\/2014\/06\/DESAPARECIDO_405x620.jpg 405w, http:\/\/paulorobertodaradio.com.br\/site\/wp-content\/uploads\/2014\/06\/DESAPARECIDO_405x620-195x300.jpg 195w\" sizes=\"auto, (max-width: 405px) 100vw, 405px\" \/><\/a>Na tarde deste domingo (29), por volta de 15h20. a Pol\u00edcia Militar foi informada por populares, via sala de opera\u00e7\u00f5es, de que havia um corpo, j\u00e1 em adiantado estado de decomposi\u00e7\u00e3o, na rua Hidemburgo Vilhena, no S\u00e3o Francisco.<br \/>\nPol\u00edcia e Per\u00edcia foram para o local, e l\u00e1 encontraram o corpo de Evandro dos Santos G\u00e9rson, de 40 anos, morador do bairro S\u00e3o Francisco, que estava desaparecido desde sexta \u2013 feira dia 20, pr\u00f3ximo a rua Rosa Moreira, no bairro Santo Ant\u00f4nio.<br \/>\nNa sexta-feira (27), populares encontraram um par de chinelos, sujo de sangue nas proximidades onde o corpo foi localizado, mas n\u00e3o encontraram ningu\u00e9m e a PM n\u00e3o teve mais informa\u00e7\u00f5es sobre o caso. A Per\u00edcia T\u00e9cnica foi acionada e ap\u00f3s os trabalhos de praxe o corpo foi liberado para IML de Muria\u00e9, onde ap\u00f3s os exames ser\u00e1 liberado para que familiares providenciem o vel\u00f3rio e sepultamento.<\/p>\n<p>Colabora\u00e7\u00e3o: interligadoonline.com<\/p>\n","protected":false},"excerpt":{"rendered":"<p>Na tarde deste domingo (29), por volta de 15h20. a Pol\u00edcia Militar foi informada por populares, via sala de opera\u00e7\u00f5es, de que havia um corpo, j\u00e1 em adiantado estado de decomposi\u00e7\u00e3o, na rua Hidemburgo Vilhena, no S\u00e3o Francisco. Pol\u00edcia e Per\u00edcia foram para o local, e l\u00e1 encontraram o corpo de Evandro dos Santos G\u00e9rson, [&hellip;]<\/p>\n","protected":false},"author":2,"featured_media":0,"comment_status":"open","ping_status":"open","sticky":false,"template":"","format":"standard","meta":{"footnotes":""},"categories":[1],"tags":[],"class_list":["post-2562","post","type-post","status-publish","format-standard","hentry","category-sem-categoria"],"_links":{"self":[{"href":"http:\/\/paulorobertodaradio.com.br\/site\/index.php?rest_route=\/wp\/v2\/posts\/2562","targetHints":{"allow":["GET"]}}],"collection":[{"href":"http:\/\/paulorobertodaradio.com.br\/site\/index.php?rest_route=\/wp\/v2\/posts"}],"about":[{"href":"http:\/\/paulorobertodaradio.com.br\/site\/index.php?rest_route=\/wp\/v2\/types\/post"}],"author":[{"embeddable":true,"href":"http:\/\/paulorobertodaradio.com.br\/site\/index.php?rest_route=\/wp\/v2\/users\/2"}],"replies":[{"embeddable":true,"href":"http:\/\/paulorobertodaradio.com.br\/site\/index.php?rest_route=%2Fwp%2Fv2%2Fcomments&post=2562"}],"version-history":[{"count":2,"href":"http:\/\/paulorobertodaradio.com.br\/site\/index.php?rest_route=\/wp\/v2\/posts\/2562\/revisions"}],"predecessor-version":[{"id":2564,"href":"http:\/\/paulorobertodaradio.com.br\/site\/index.php?rest_route=\/wp\/v2\/posts\/2562\/revisions\/2564"}],"wp:attachment":[{"href":"http:\/\/paulorobertodaradio.com.br\/site\/index.php?rest_route=%2Fwp%2Fv2%2Fmedia&parent=2562"}],"wp:term":[{"taxonomy":"category","embeddable":true,"href":"http:\/\/paulorobertodaradio.com.br\/site\/index.php?rest_route=%2Fwp%2Fv2%2Fcategories&post=2562"},{"taxonomy":"post_tag","embeddable":true,"href":"http:\/\/paulorobertodaradio.com.br\/site\/index.php?rest_route=%2Fwp%2Fv2%2Ftags&post=2562"}],"curies":[{"name":"wp","href":"https:\/\/api.w.org\/{rel}","templated":true}]}}