{"id":2569,"date":"2014-06-30T19:23:22","date_gmt":"2014-06-30T22:23:22","guid":{"rendered":"http:\/\/paulorobertodaradio.com.br\/site\/?p=2569"},"modified":"2014-06-30T19:23:22","modified_gmt":"2014-06-30T22:23:22","slug":"no-mundo-orkut-vai-acabar","status":"publish","type":"post","link":"http:\/\/paulorobertodaradio.com.br\/site\/?p=2569","title":{"rendered":"NO MUNDO: ORKUT VAI ACABAR"},"content":{"rendered":"<p><a href=\"http:\/\/paulorobertodaradio.com.br\/site\/wp-content\/uploads\/2014\/06\/orkut.jpg\"><img loading=\"lazy\" decoding=\"async\" class=\"size-full wp-image-2570 alignleft\" alt=\"orkut\" src=\"http:\/\/paulorobertodaradio.com.br\/site\/wp-content\/uploads\/2014\/06\/orkut.jpg\" width=\"225\" height=\"225\" srcset=\"http:\/\/paulorobertodaradio.com.br\/site\/wp-content\/uploads\/2014\/06\/orkut.jpg 225w, http:\/\/paulorobertodaradio.com.br\/site\/wp-content\/uploads\/2014\/06\/orkut-150x150.jpg 150w\" sizes=\"auto, (max-width: 225px) 100vw, 225px\" \/><\/a>A rede social Orkut vai deixar de existir at\u00e9 o final deste ano. A confirma\u00e7\u00e3o est\u00e1 no blog do Google, que administra o servi\u00e7o.<\/p>\n<p>Novos perfis j\u00e1 n\u00e3o podem ser mais criados. Os atuais usu\u00e1rios ter\u00e3o um prazo para exportar os dados. A gigante da internet tamb\u00e9m vai converter perfis do Orkut para o Google+.<\/p>\n<p>O diretor de Engenharia do Google que assina a nota no blog afirma que foram 10 anos inesquec\u00edveis e pede desculpas para os que ainda utilizam a rede social regularmente. Paulo Golgher diz que espera que os usu\u00e1rios encontrem outras comunidades online para alimentar novas conversas. Segundo o Google, um arquivo com todas as comunidades p\u00fablicas ficar\u00e1 dispon\u00edvel online a partir de 30 de setembro deste ano. Quem n\u00e3o quiser ter o nome ou postagens inclu\u00eddas no sistema pode remover o perfil do Orkut de forma permanente.<\/p>\n<p>Dados mostram que a rede social ainda tem uma base de usu\u00e1rios forte no Brasil. A estimativa \u00e9 de quatro milh\u00f5es e oitocentos mil perfis.<\/p>\n<p>Colabora\u00e7\u00e3o: ag\u00eancia radio 2<\/p>\n","protected":false},"excerpt":{"rendered":"<p>A rede social Orkut vai deixar de existir at\u00e9 o final deste ano. A confirma\u00e7\u00e3o est\u00e1 no blog do Google, que administra o servi\u00e7o. Novos perfis j\u00e1 n\u00e3o podem ser mais criados. Os atuais usu\u00e1rios ter\u00e3o um prazo para exportar os dados. A gigante da internet tamb\u00e9m vai converter perfis do Orkut para o Google+. [&hellip;]<\/p>\n","protected":false},"author":2,"featured_media":0,"comment_status":"open","ping_status":"open","sticky":false,"template":"","format":"standard","meta":{"footnotes":""},"categories":[1],"tags":[],"class_list":["post-2569","post","type-post","status-publish","format-standard","hentry","category-sem-categoria"],"_links":{"self":[{"href":"http:\/\/paulorobertodaradio.com.br\/site\/index.php?rest_route=\/wp\/v2\/posts\/2569","targetHints":{"allow":["GET"]}}],"collection":[{"href":"http:\/\/paulorobertodaradio.com.br\/site\/index.php?rest_route=\/wp\/v2\/posts"}],"about":[{"href":"http:\/\/paulorobertodaradio.com.br\/site\/index.php?rest_route=\/wp\/v2\/types\/post"}],"author":[{"embeddable":true,"href":"http:\/\/paulorobertodaradio.com.br\/site\/index.php?rest_route=\/wp\/v2\/users\/2"}],"replies":[{"embeddable":true,"href":"http:\/\/paulorobertodaradio.com.br\/site\/index.php?rest_route=%2Fwp%2Fv2%2Fcomments&post=2569"}],"version-history":[{"count":2,"href":"http:\/\/paulorobertodaradio.com.br\/site\/index.php?rest_route=\/wp\/v2\/posts\/2569\/revisions"}],"predecessor-version":[{"id":2572,"href":"http:\/\/paulorobertodaradio.com.br\/site\/index.php?rest_route=\/wp\/v2\/posts\/2569\/revisions\/2572"}],"wp:attachment":[{"href":"http:\/\/paulorobertodaradio.com.br\/site\/index.php?rest_route=%2Fwp%2Fv2%2Fmedia&parent=2569"}],"wp:term":[{"taxonomy":"category","embeddable":true,"href":"http:\/\/paulorobertodaradio.com.br\/site\/index.php?rest_route=%2Fwp%2Fv2%2Fcategories&post=2569"},{"taxonomy":"post_tag","embeddable":true,"href":"http:\/\/paulorobertodaradio.com.br\/site\/index.php?rest_route=%2Fwp%2Fv2%2Ftags&post=2569"}],"curies":[{"name":"wp","href":"https:\/\/api.w.org\/{rel}","templated":true}]}}