{"id":2573,"date":"2014-06-30T19:30:14","date_gmt":"2014-06-30T22:30:14","guid":{"rendered":"http:\/\/paulorobertodaradio.com.br\/site\/?p=2573"},"modified":"2014-06-30T19:38:21","modified_gmt":"2014-06-30T22:38:21","slug":"2573","status":"publish","type":"post","link":"http:\/\/paulorobertodaradio.com.br\/site\/?p=2573","title":{"rendered":"EM MURIA\u00c9: MORADORES PROTESTAM NA RUA JOS\u00c9 DE ABREU"},"content":{"rendered":"<p><a href=\"http:\/\/paulorobertodaradio.com.br\/site\/wp-content\/uploads\/2014\/06\/protesto01.jpg\"><img loading=\"lazy\" decoding=\"async\" class=\"aligncenter size-full wp-image-2574\" alt=\"protesto01\" src=\"http:\/\/paulorobertodaradio.com.br\/site\/wp-content\/uploads\/2014\/06\/protesto01.jpg\" width=\"620\" height=\"465\" srcset=\"http:\/\/paulorobertodaradio.com.br\/site\/wp-content\/uploads\/2014\/06\/protesto01.jpg 620w, http:\/\/paulorobertodaradio.com.br\/site\/wp-content\/uploads\/2014\/06\/protesto01-300x225.jpg 300w\" sizes=\"auto, (max-width: 620px) 100vw, 620px\" \/><\/a>Moradores e comerciantes da Rua Jos\u00e9 de Abreu, a \u201crua do CEM\u201d, fizeram um protesto na manh\u00e3 desta segunda-feira cobrando da empresa executora do Projeto Santa Rita a recupera\u00e7\u00e3o da rua que estaria abandonada, ressaltando que a mesma se encontra com muitos buracos impossibilitando o tr\u00e2nsito de autom\u00f3veis. Foi pedido tamb\u00e9m que libere a rua para m\u00e3o dupla, pois tal isolamento por esses motivos estaria trazendo muito preju\u00edzo para o com\u00e9rcio e moradores. Tamb\u00e9m foi reivindicada a limpeza ou retirada das aduelas que est\u00e3o trazendo aspecto feio para aquela regi\u00e3o nos \u00faltimos meses, desde que a obra foi paralisada, al\u00e9m de sujeira que fica naquele local. Foi lembrado tamb\u00e9m que \u00e9 preciso liberar as linhas de \u00f4nibus para esta regi\u00e3o. Segundo os moradores, as casas que ser\u00e3o desapropriadas precisam ser cercadas. No momento do protesto a Rua S\u00e3o Sebasti\u00e3o ficou fechada. \u201cHoje estamos s\u00f3 chamando a aten\u00e7\u00e3o e dissemos \u00e0 Pol\u00edcia Militar que se nada for providenciado por parte da Prefeitura, na sexta-feira faremos novo protesto\u201d, disseram os moradores.<a href=\"http:\/\/paulorobertodaradio.com.br\/site\/wp-content\/uploads\/2014\/06\/protesto02.jpg\"><img loading=\"lazy\" decoding=\"async\" class=\"aligncenter size-full wp-image-2575\" alt=\"protesto02\" src=\"http:\/\/paulorobertodaradio.com.br\/site\/wp-content\/uploads\/2014\/06\/protesto02.jpg\" width=\"620\" height=\"465\" srcset=\"http:\/\/paulorobertodaradio.com.br\/site\/wp-content\/uploads\/2014\/06\/protesto02.jpg 620w, http:\/\/paulorobertodaradio.com.br\/site\/wp-content\/uploads\/2014\/06\/protesto02-300x225.jpg 300w\" sizes=\"auto, (max-width: 620px) 100vw, 620px\" \/><\/a> <a href=\"http:\/\/paulorobertodaradio.com.br\/site\/wp-content\/uploads\/2014\/06\/protesto03.jpg\"><img loading=\"lazy\" decoding=\"async\" class=\"aligncenter size-full wp-image-2576\" alt=\"protesto03\" src=\"http:\/\/paulorobertodaradio.com.br\/site\/wp-content\/uploads\/2014\/06\/protesto03.jpg\" width=\"620\" height=\"465\" srcset=\"http:\/\/paulorobertodaradio.com.br\/site\/wp-content\/uploads\/2014\/06\/protesto03.jpg 620w, http:\/\/paulorobertodaradio.com.br\/site\/wp-content\/uploads\/2014\/06\/protesto03-300x225.jpg 300w\" sizes=\"auto, (max-width: 620px) 100vw, 620px\" \/><\/a><\/p>\n<p>&nbsp;<\/p>\n<p>Colabora\u00e7\u00e3o: silvanalves.com.br<\/p>\n","protected":false},"excerpt":{"rendered":"<p>Moradores e comerciantes da Rua Jos\u00e9 de Abreu, a \u201crua do CEM\u201d, fizeram um protesto na manh\u00e3 desta segunda-feira cobrando da empresa executora do Projeto Santa Rita a recupera\u00e7\u00e3o da rua que estaria abandonada, ressaltando que a mesma se encontra com muitos buracos impossibilitando o tr\u00e2nsito de autom\u00f3veis. Foi pedido tamb\u00e9m que libere a rua [&hellip;]<\/p>\n","protected":false},"author":2,"featured_media":0,"comment_status":"open","ping_status":"open","sticky":false,"template":"","format":"standard","meta":{"footnotes":""},"categories":[1],"tags":[],"class_list":["post-2573","post","type-post","status-publish","format-standard","hentry","category-sem-categoria"],"_links":{"self":[{"href":"http:\/\/paulorobertodaradio.com.br\/site\/index.php?rest_route=\/wp\/v2\/posts\/2573","targetHints":{"allow":["GET"]}}],"collection":[{"href":"http:\/\/paulorobertodaradio.com.br\/site\/index.php?rest_route=\/wp\/v2\/posts"}],"about":[{"href":"http:\/\/paulorobertodaradio.com.br\/site\/index.php?rest_route=\/wp\/v2\/types\/post"}],"author":[{"embeddable":true,"href":"http:\/\/paulorobertodaradio.com.br\/site\/index.php?rest_route=\/wp\/v2\/users\/2"}],"replies":[{"embeddable":true,"href":"http:\/\/paulorobertodaradio.com.br\/site\/index.php?rest_route=%2Fwp%2Fv2%2Fcomments&post=2573"}],"version-history":[{"count":3,"href":"http:\/\/paulorobertodaradio.com.br\/site\/index.php?rest_route=\/wp\/v2\/posts\/2573\/revisions"}],"predecessor-version":[{"id":2578,"href":"http:\/\/paulorobertodaradio.com.br\/site\/index.php?rest_route=\/wp\/v2\/posts\/2573\/revisions\/2578"}],"wp:attachment":[{"href":"http:\/\/paulorobertodaradio.com.br\/site\/index.php?rest_route=%2Fwp%2Fv2%2Fmedia&parent=2573"}],"wp:term":[{"taxonomy":"category","embeddable":true,"href":"http:\/\/paulorobertodaradio.com.br\/site\/index.php?rest_route=%2Fwp%2Fv2%2Fcategories&post=2573"},{"taxonomy":"post_tag","embeddable":true,"href":"http:\/\/paulorobertodaradio.com.br\/site\/index.php?rest_route=%2Fwp%2Fv2%2Ftags&post=2573"}],"curies":[{"name":"wp","href":"https:\/\/api.w.org\/{rel}","templated":true}]}}