{"id":2588,"date":"2014-06-30T20:16:54","date_gmt":"2014-06-30T23:16:54","guid":{"rendered":"http:\/\/paulorobertodaradio.com.br\/site\/?p=2588"},"modified":"2014-06-30T20:17:47","modified_gmt":"2014-06-30T23:17:47","slug":"em-manhuacu-crianca-desaparecida-e-encontrada-com-varios-ferimentos","status":"publish","type":"post","link":"http:\/\/paulorobertodaradio.com.br\/site\/?p=2588","title":{"rendered":"EM MANHUA\u00c7U: CRIAN\u00c7A DESAPARECIDA \u00c9 ENCONTRADA MORTA COM V\u00c1RIOS FERIMENTOS."},"content":{"rendered":"<p>&nbsp;<\/p>\n<p style=\"text-align: center;\"><a href=\"http:\/\/paulorobertodaradio.com.br\/site\/wp-content\/uploads\/2014\/06\/Infanticidio-2.jpg\"><img loading=\"lazy\" decoding=\"async\" class=\"aligncenter size-full wp-image-2589\" alt=\"Infanticidio (2)\" src=\"http:\/\/paulorobertodaradio.com.br\/site\/wp-content\/uploads\/2014\/06\/Infanticidio-2.jpg\" width=\"400\" height=\"267\" srcset=\"http:\/\/paulorobertodaradio.com.br\/site\/wp-content\/uploads\/2014\/06\/Infanticidio-2.jpg 400w, http:\/\/paulorobertodaradio.com.br\/site\/wp-content\/uploads\/2014\/06\/Infanticidio-2-300x200.jpg 300w\" sizes=\"auto, (max-width: 400px) 100vw, 400px\" \/><\/a><em>Garoto de 7 anos foi encontrado morto com v\u00e1rios ferimentos<\/em><\/p>\n<p>No final da manh\u00e3 desta segunda-feira (30\/06), o corpo de Jo\u00e3o Paulo Camilo, de 6 anos, foi encontrado \u00e0s margens da BR 116, em Dom Corr\u00eaa, pr\u00f3ximo ao restaurante &#8220;Coisas de Minas&#8221;. O corpo da crian\u00e7a estava enrolado em um cobertor e com diversos ferimentos, sendo constatadas queimaduras provocadas por cigarro nas m\u00e3os, barriga e em diversas outras partes.<\/p>\n<p>As costas e gl\u00fateos muito machucados, ferimentos possivelmente provocados por chicotadas. A viol\u00eancia foi tamanha que um dos test\u00edculos apresentava ferimento de corte. A per\u00edcia t\u00e9cnica da Pol\u00edcia Civil esteve no local e realizou o trabalho de praxe. O corpo da crian\u00e7a foi encaminhado ao IML de Caratinga para a realiza\u00e7\u00e3o da per\u00edcia.<\/p>\n<p>Segundo o delegado respons\u00e1vel pelo caso, a suspeita \u00e9 de que o padrasto, J. M. S de 35, e m\u00e3e, J.C. M, de 36 , estejam envolvidos no crime. Conforme ainda est\u00e1 sendo apurado, a linha de investiga\u00e7\u00e3o da Pol\u00edcia \u00e9 de que o padrasto tenha matado a crian\u00e7a na quinta-feira (26\/06) e na sexta pela manh\u00e3 tenha desovado o corpo \u00e0s margens da rodovia. A tese ainda segue em apura\u00e7\u00e3o.<\/p>\n<p><span style=\"color: #ff0000;\"><strong>PADASTRO E M\u00c3E ACUSADOS DE TORTURA<\/strong><\/span><\/p>\n<p>M\u00e3e e padrasto de Jo\u00e3o Paulo foram presos no domingo (29\/06) pela Pol\u00edcia Militar de Santa B\u00e1rbara do Leste. J.C.M, de 36 anos, pelo crime de tortura por omiss\u00e3o, e J.M.S, de 35, por tortura. M\u00e3e e padrasto s\u00e3o acusados de torturar dentro de casa dois meninos, de 3 e 4 anos. As crian\u00e7as eram torturadas com arreio de cavalo.<\/p>\n<p>Segundo o delegado respons\u00e1vel pela investiga\u00e7\u00e3o do caso, Luiz Eduardo Moura Gomes, as crian\u00e7as foram encaminhadas para o IML de Caratinga, sendo constatado pelo m\u00e9dico legista que as les\u00f5es eram muito graves.<br \/>\n&#8220;As crian\u00e7as haviam sofrido agress\u00f5es seguidas com o que o autor alega ser um arreio, aquele chicote usado em cavalos. Uma das crian\u00e7as ainda apresentava queimadura na face. Todas as les\u00f5es sem tratamento. As crian\u00e7as estavam com febre e correndo risco de morte&#8221;, destacou, ressaltando que posteriormente as crian\u00e7as foram encaminhadas ao Pronto Atendimento Municipal de Caratinga e seguem internadas.<\/p>\n<p>O caso de tortura envolvendo m\u00e3e e padrasto aconteceu no C\u00f3rrego Barra Alegre, na zona rural de Santa B\u00e1rbara do Leste. Os meninos foram encontrados com ferimentos graves deitados em cima de uma cama. A tortura contra as crian\u00e7as foi descoberta depois que a Pol\u00edcia Militar foi chamada para registrar o desaparecimento de Jo\u00e3o Paulo Camilo, de 6 anos &#8211; o terceiro filho de J. C. Ao chegar ao local, os militares se depararam com as crian\u00e7as muito machucadas. Conforme relatado por soldado William Toledo, a primeira provid\u00eancia foi acionar o conselho tutelar.<\/p>\n<p>Na delegacia, os respons\u00e1veis pelas crian\u00e7as prestaram depoimentos. Segundo o delegado, a m\u00e3e alega que o padastro em quem provocava as les\u00f5es, batia de forma constante. O padrasto alega que bateu, mas a mando da m\u00e3e. Ao conversar com a reportagem do Super Canal, padrasto e m\u00e3e \u00a0apresentaram as suas vers\u00f5es.<\/p>\n<p>O padastro afirmou &#8220;ela (m\u00e3e) \u00e9 uma pessoa muito nervosa. No in\u00edcio ela at\u00e9 chegava a agredir os meninos, mas a\u00ed eu fui falando com ela que n\u00e3o pode agredir. Perto de mim ela agrediu uma vez, come\u00e7ou a querer bater no menino com o corri\u00e3o e eu falei que n\u00e3o podia, porque ela poderia at\u00e9 ir presa. Pelo menos perto de mim, nunca mais eu agredi&#8221;.<\/p>\n<p>A m\u00e3e informou que nunca bateu e quando indagada sobre os ferimentos e o estado de sa\u00fade dos filhos e a falta de procura por uma assist\u00eancia m\u00e9dica, ela justificou: &#8220;ele (padrasto) estava trabalhando no carro e eu n\u00e3o tinha n\u00famero de ambul\u00e2ncia, nem telefone para levar eles no m\u00e9dico&#8221;.<\/p>\n<p>As crian\u00e7as seguem internadas. Ap\u00f3s receberem alta, ser\u00e3o liberadas a familiares, a tios, irm\u00e3os do pai falecido, que est\u00e3o dispostos a ficar com as crian\u00e7as.<a href=\"http:\/\/paulorobertodaradio.com.br\/site\/wp-content\/uploads\/2014\/06\/Infanticidio-7.jpg\"><img loading=\"lazy\" decoding=\"async\" class=\"aligncenter size-full wp-image-2590\" alt=\"Infanticidio (7)\" src=\"http:\/\/paulorobertodaradio.com.br\/site\/wp-content\/uploads\/2014\/06\/Infanticidio-7.jpg\" width=\"400\" height=\"266\" srcset=\"http:\/\/paulorobertodaradio.com.br\/site\/wp-content\/uploads\/2014\/06\/Infanticidio-7.jpg 400w, http:\/\/paulorobertodaradio.com.br\/site\/wp-content\/uploads\/2014\/06\/Infanticidio-7-300x199.jpg 300w\" sizes=\"auto, (max-width: 400px) 100vw, 400px\" \/><\/a><\/p>\n<p style=\"text-align: center;\">Com informa\u00e7\u00f5es da TV Super Canal &#8211; Caratinga<br \/>\nColabora\u00e7\u00e3o: portal capara\u00f3<\/p>\n","protected":false},"excerpt":{"rendered":"<p>&nbsp; Garoto de 7 anos foi encontrado morto com v\u00e1rios ferimentos No final da manh\u00e3 desta segunda-feira (30\/06), o corpo de Jo\u00e3o Paulo Camilo, de 6 anos, foi encontrado \u00e0s margens da BR 116, em Dom Corr\u00eaa, pr\u00f3ximo ao restaurante &#8220;Coisas de Minas&#8221;. O corpo da crian\u00e7a estava enrolado em um cobertor e com diversos [&hellip;]<\/p>\n","protected":false},"author":2,"featured_media":0,"comment_status":"open","ping_status":"open","sticky":false,"template":"","format":"standard","meta":{"footnotes":""},"categories":[1],"tags":[],"class_list":["post-2588","post","type-post","status-publish","format-standard","hentry","category-sem-categoria"],"_links":{"self":[{"href":"http:\/\/paulorobertodaradio.com.br\/site\/index.php?rest_route=\/wp\/v2\/posts\/2588","targetHints":{"allow":["GET"]}}],"collection":[{"href":"http:\/\/paulorobertodaradio.com.br\/site\/index.php?rest_route=\/wp\/v2\/posts"}],"about":[{"href":"http:\/\/paulorobertodaradio.com.br\/site\/index.php?rest_route=\/wp\/v2\/types\/post"}],"author":[{"embeddable":true,"href":"http:\/\/paulorobertodaradio.com.br\/site\/index.php?rest_route=\/wp\/v2\/users\/2"}],"replies":[{"embeddable":true,"href":"http:\/\/paulorobertodaradio.com.br\/site\/index.php?rest_route=%2Fwp%2Fv2%2Fcomments&post=2588"}],"version-history":[{"count":2,"href":"http:\/\/paulorobertodaradio.com.br\/site\/index.php?rest_route=\/wp\/v2\/posts\/2588\/revisions"}],"predecessor-version":[{"id":2592,"href":"http:\/\/paulorobertodaradio.com.br\/site\/index.php?rest_route=\/wp\/v2\/posts\/2588\/revisions\/2592"}],"wp:attachment":[{"href":"http:\/\/paulorobertodaradio.com.br\/site\/index.php?rest_route=%2Fwp%2Fv2%2Fmedia&parent=2588"}],"wp:term":[{"taxonomy":"category","embeddable":true,"href":"http:\/\/paulorobertodaradio.com.br\/site\/index.php?rest_route=%2Fwp%2Fv2%2Fcategories&post=2588"},{"taxonomy":"post_tag","embeddable":true,"href":"http:\/\/paulorobertodaradio.com.br\/site\/index.php?rest_route=%2Fwp%2Fv2%2Ftags&post=2588"}],"curies":[{"name":"wp","href":"https:\/\/api.w.org\/{rel}","templated":true}]}}