{"id":89521,"date":"2019-06-12T12:37:04","date_gmt":"2019-06-12T15:37:04","guid":{"rendered":"http:\/\/paulorobertodaradio.com.br\/site\/?p=89521"},"modified":"2019-06-12T12:46:19","modified_gmt":"2019-06-12T15:46:19","slug":"ama-vai-realizar-o-primeiro-campeonato-infantil-ama-miradouro","status":"publish","type":"post","link":"http:\/\/paulorobertodaradio.com.br\/site\/?p=89521","title":{"rendered":"AMA VAI REALIZAR O PRIMEIRO CAMPEONATO INFANTIL &#8220;AMA MIRADOURO&#8221;."},"content":{"rendered":"<p><a href=\"http:\/\/paulorobertodaradio.com.br\/site\/wp-content\/uploads\/2019\/06\/AMA-CRIAN\u00c7AS.jpg\"><img loading=\"lazy\" decoding=\"async\" class=\"alignnone size-full wp-image-89522\" src=\"http:\/\/paulorobertodaradio.com.br\/site\/wp-content\/uploads\/2019\/06\/AMA-CRIAN\u00c7AS.jpg\" alt=\"AMA CRIAN\u00c7AS\" width=\"600\" height=\"450\" srcset=\"http:\/\/paulorobertodaradio.com.br\/site\/wp-content\/uploads\/2019\/06\/AMA-CRIAN\u00c7AS.jpg 600w, http:\/\/paulorobertodaradio.com.br\/site\/wp-content\/uploads\/2019\/06\/AMA-CRIAN\u00c7AS-300x225.jpg 300w\" sizes=\"auto, (max-width: 600px) 100vw, 600px\" \/><\/a><\/p>\n<p><span style=\"color: #ff0000;\">CAMPEONATO INFANTIL DA AMA DE MIRADOURO<\/span><\/p>\n<p><span style=\"color: #ff0000;\">TABELA<\/span><\/p>\n<p>15\/06\/2019, 08:00H &#8211;\u00a0Miradouro X Bom Jesus<br \/>\n22\/06\/2019, 08:00H &#8211;\u00a0Oper\u00e1rio ( Muria\u00e9) X Bom Jesus<br \/>\n29\/06\/2019, 08:00H &#8211;\u00a0S\u00e3o Francisco do Gl\u00f3ria X Miradouro<br \/>\n06\/07\/2019, 08:00 H &#8211;\u00a0Oper\u00e1rio (Muria\u00e9) X S\u00e3o Francisco do Gl\u00f3ria<br \/>\n13\/07\/2019, 08:00 H &#8211;\u00a0Bom Jesus X S\u00e3o Francisco do Gl\u00f3ria<br \/>\n20\/07\/2019, 08:00H &#8211;\u00a0Miradouro X Oper\u00e1rio (Muria\u00e9)<\/p>\n<p>27\/07\/2019 SER\u00c1 \u00a0FINAL.<a href=\"http:\/\/paulorobertodaradio.com.br\/site\/wp-content\/uploads\/2018\/06\/INFANTIL-FUTEBOL.5.jpg\"><img loading=\"lazy\" decoding=\"async\" class=\"alignnone size-full wp-image-74934\" src=\"http:\/\/paulorobertodaradio.com.br\/site\/wp-content\/uploads\/2018\/06\/INFANTIL-FUTEBOL.5.jpg\" alt=\"INFANTIL FUTEBOL.5\" width=\"960\" height=\"540\" srcset=\"http:\/\/paulorobertodaradio.com.br\/site\/wp-content\/uploads\/2018\/06\/INFANTIL-FUTEBOL.5.jpg 960w, http:\/\/paulorobertodaradio.com.br\/site\/wp-content\/uploads\/2018\/06\/INFANTIL-FUTEBOL.5-300x169.jpg 300w\" sizes=\"auto, (max-width: 960px) 100vw, 960px\" \/><\/a><a href=\"http:\/\/paulorobertodaradio.com.br\/site\/wp-content\/uploads\/2018\/06\/INFANTIL-FUTEBOL.8.jpg\"><img loading=\"lazy\" decoding=\"async\" class=\"alignnone size-full wp-image-74936\" src=\"http:\/\/paulorobertodaradio.com.br\/site\/wp-content\/uploads\/2018\/06\/INFANTIL-FUTEBOL.8.jpg\" alt=\"INFANTIL FUTEBOL.8\" width=\"960\" height=\"540\" srcset=\"http:\/\/paulorobertodaradio.com.br\/site\/wp-content\/uploads\/2018\/06\/INFANTIL-FUTEBOL.8.jpg 960w, http:\/\/paulorobertodaradio.com.br\/site\/wp-content\/uploads\/2018\/06\/INFANTIL-FUTEBOL.8-300x169.jpg 300w\" sizes=\"auto, (max-width: 960px) 100vw, 960px\" \/><\/a><\/p>\n","protected":false},"excerpt":{"rendered":"<p>CAMPEONATO INFANTIL DA AMA DE MIRADOURO TABELA 15\/06\/2019, 08:00H &#8211;\u00a0Miradouro X Bom Jesus 22\/06\/2019, 08:00H &#8211;\u00a0Oper\u00e1rio ( Muria\u00e9) X Bom Jesus 29\/06\/2019, 08:00H &#8211;\u00a0S\u00e3o Francisco do Gl\u00f3ria X Miradouro 06\/07\/2019, 08:00 H &#8211;\u00a0Oper\u00e1rio (Muria\u00e9) X S\u00e3o Francisco do Gl\u00f3ria 13\/07\/2019, 08:00 H &#8211;\u00a0Bom Jesus X S\u00e3o Francisco do Gl\u00f3ria 20\/07\/2019, 08:00H &#8211;\u00a0Miradouro X Oper\u00e1rio (Muria\u00e9) [&hellip;]<\/p>\n","protected":false},"author":2,"featured_media":0,"comment_status":"open","ping_status":"open","sticky":false,"template":"","format":"standard","meta":{"footnotes":""},"categories":[1],"tags":[],"class_list":["post-89521","post","type-post","status-publish","format-standard","hentry","category-sem-categoria"],"_links":{"self":[{"href":"http:\/\/paulorobertodaradio.com.br\/site\/index.php?rest_route=\/wp\/v2\/posts\/89521","targetHints":{"allow":["GET"]}}],"collection":[{"href":"http:\/\/paulorobertodaradio.com.br\/site\/index.php?rest_route=\/wp\/v2\/posts"}],"about":[{"href":"http:\/\/paulorobertodaradio.com.br\/site\/index.php?rest_route=\/wp\/v2\/types\/post"}],"author":[{"embeddable":true,"href":"http:\/\/paulorobertodaradio.com.br\/site\/index.php?rest_route=\/wp\/v2\/users\/2"}],"replies":[{"embeddable":true,"href":"http:\/\/paulorobertodaradio.com.br\/site\/index.php?rest_route=%2Fwp%2Fv2%2Fcomments&post=89521"}],"version-history":[{"count":4,"href":"http:\/\/paulorobertodaradio.com.br\/site\/index.php?rest_route=\/wp\/v2\/posts\/89521\/revisions"}],"predecessor-version":[{"id":89526,"href":"http:\/\/paulorobertodaradio.com.br\/site\/index.php?rest_route=\/wp\/v2\/posts\/89521\/revisions\/89526"}],"wp:attachment":[{"href":"http:\/\/paulorobertodaradio.com.br\/site\/index.php?rest_route=%2Fwp%2Fv2%2Fmedia&parent=89521"}],"wp:term":[{"taxonomy":"category","embeddable":true,"href":"http:\/\/paulorobertodaradio.com.br\/site\/index.php?rest_route=%2Fwp%2Fv2%2Fcategories&post=89521"},{"taxonomy":"post_tag","embeddable":true,"href":"http:\/\/paulorobertodaradio.com.br\/site\/index.php?rest_route=%2Fwp%2Fv2%2Ftags&post=89521"}],"curies":[{"name":"wp","href":"https:\/\/api.w.org\/{rel}","templated":true}]}}