{"id":140052,"date":"2024-12-15T23:14:08","date_gmt":"2024-12-16T02:14:08","guid":{"rendered":"http:\/\/paulorobertodaradio.com.br\/site\/?p=140052"},"modified":"2024-12-15T23:14:08","modified_gmt":"2024-12-16T02:14:08","slug":"crianca-morre-apos-ser-agredida-por-2-colegas-em-escola-e-diretora-dizer-diexe-que-resolvam-quem-tiver-a-goela-maior-engole-o-outro","status":"publish","type":"post","link":"https:\/\/paulorobertodaradio.com.br\/site\/?p=140052","title":{"rendered":"CRIAN\u00c7A MORRE AP\u00d3S SER AGREDIDA POR 2 COLEGAS EM ESCOLA E DIRETORA  DIZER  &#8221; DIEXE QUE RESOLVAM, QUEM  TIVER A GOELA MAIOR ENGOLE O OUTRO&#8221;"},"content":{"rendered":"<p><a href=\"http:\/\/paulorobertodaradio.com.br\/site\/wp-content\/uploads\/2024\/12\/Crianca-Ibatiba.jpg\"><img loading=\"lazy\" decoding=\"async\" class=\"alignnone size-full wp-image-140053\" src=\"http:\/\/paulorobertodaradio.com.br\/site\/wp-content\/uploads\/2024\/12\/Crianca-Ibatiba.jpg\" alt=\"\" width=\"1600\" height=\"900\" srcset=\"https:\/\/paulorobertodaradio.com.br\/site\/wp-content\/uploads\/2024\/12\/Crianca-Ibatiba.jpg 1600w, https:\/\/paulorobertodaradio.com.br\/site\/wp-content\/uploads\/2024\/12\/Crianca-Ibatiba-300x169.jpg 300w, https:\/\/paulorobertodaradio.com.br\/site\/wp-content\/uploads\/2024\/12\/Crianca-Ibatiba-768x432.jpg 768w, https:\/\/paulorobertodaradio.com.br\/site\/wp-content\/uploads\/2024\/12\/Crianca-Ibatiba-1024x576.jpg 1024w\" sizes=\"auto, (max-width: 1600px) 100vw, 1600px\" \/><\/a> Uma crian\u00e7a de 10 anos morreu na noite desta quinta-feira (12), supostamente ap\u00f3s ter sido agredida em uma unidade de educa\u00e7\u00e3o que pertence \u00e0 rede municipal de ensino do munic\u00edpio de Ibatiba, no Capara\u00f3.<\/p>\n<p>Segundo o relato da irm\u00e3 da v\u00edtima, Samira de Oliveira Verli, seu irm\u00e3o, Luiz Fernando de Souza Verli, estudava na escola EMEF Eunice Pereira Silveira, localizada no Bairro Novo Horizonte, e teria sido agredido a chutes por dois \u201ccolegas\u201d mais velhos do que ele durante o recreio, na \u00faltima segunda-feira (9).<\/p>\n<p>Em entrevista, Samira relatou que sua irm\u00e3 Gisele de Oliveira Verli, de 8 anos, que estuda na mesma escola de Luiz Fernando, teria presenciado a agress\u00e3o, e quando foi pedir por socorro na dire\u00e7\u00e3o da escola, a diretora teria falado \u201cpara deixar eles resolverem, quem tivesse a goela maior engolisse o outro\u201d, disse Samira.<\/p>\n<p><strong>Suposta v\u00edtima de bullying<\/strong><\/p>\n<p>Samira disse ainda que seu irm\u00e3o sempre sofreu bullying na escola. Al\u00e9m dele ter crises de epilepsia, a crian\u00e7a tinha a p\u00e1lpebra esquerda dos olhos um pouco mais ca\u00edda do que a outra, isso seria motivo para Luiz Fernando sofrer agress\u00f5es. A irm\u00e3 relatou que um dos agressores teria segurado o pesco\u00e7o de Luiz, enquanto o outro estudante batia no mesmo.<\/p>\n<p>J\u00e1 a prima de Luiz Fernando, Alzerina Maria Verli Ferreira, disse \u00e0 reportagem que, ap\u00f3s ter sido agredido pelos colegas, a dire\u00e7\u00e3o da escola teria colocado a v\u00edtima de castigo, mesmo ele reclamando de dores, \u201cmas n\u00e3o fizeram nada\u201d.<\/p>\n<p><strong><span style=\"color: #000000;\">V\u00e9rtebra da coluna quebrada<\/span><\/strong><\/p>\n<p>\u201cNingu\u00e9m comunicou aos pais tamb\u00e9m n\u00e3o, ele chegou em casa chorando de dor, a m\u00e3e dele levou no Pronto Socorro por tr\u00eas vezes e liberaram ele para casa apenas com medica\u00e7\u00e3o para dor, mas como ele passou a noite toda gritando de dor, ela voltou com ele na manh\u00e3 de quarta-feira (11), quando exigiu um raio-x e descobriram a v\u00e9rtebra da coluna quebrada\u201d, disse.<\/p>\n<p>Alzerina Maria informou que, ap\u00f3s a confirma\u00e7\u00e3o da les\u00e3o, Luiz Fernando foi transferido para o Hospital da Pol\u00edcia Militar (HPM), em Vit\u00f3ria, e que descobriram que os rins e o f\u00edgado dele haviam parado. \u201cHouve uma infec\u00e7\u00e3o muito forte, tentaram fazer hemodi\u00e1lise, mas ele teve uma parada card\u00edaca, nisso ele j\u00e1 estava entubado, tentaram estabilizar durante o dia, por\u00e9m, sem sucesso, \u00e0s 20h30 ele veio a falecer\u201d, relatou Alzerina.<\/p>\n<p>O exame necrosc\u00f3pico revelou que Luiz Fernando teve trauma lombar e no quadril, inj\u00faria renal aguda, pneumonia bilateral, insufici\u00eancia respirat\u00f3ria, epilepsia, entre outras.<\/p>\n<p><strong>C\u00e2mara divulga nota de rep\u00fadio<\/strong><\/p>\n<p>A C\u00e2mara Municipal de Ibatiba, na noite desta quinta-feira (12), repudiou o \u201cato de viol\u00eancia cometido contra o estudante da EMEF Eunice Pereira Silveira, Luiz Fernando, ocorrido nessa segunda-feira, 9 de dezembro\u201d.<\/p>\n<p>A nota da Casa ainda destacou que, \u201cinfelizmente, a viol\u00eancia que partiu de outros dois estudantes mais velhos, supostamente, resultou no \u00f3bito da crian\u00e7a\u201d.<\/p>\n<p>O presidente da C\u00e2mara Municipal, Marcus Rodrigo Amorim Florindo, solicitou a Comiss\u00e3o de Educa\u00e7\u00e3o do Legislativo para apurar o caso.<\/p>\n<p>A C\u00e2mara Municipal de Ibatiba decretou luto de tr\u00eas dias e expressou as mais \u201csinceras condol\u00eancias por esta inestim\u00e1vel perda e roga a Deus que conforte o cora\u00e7\u00e3o dos familiares e amigos\u201d.<\/p>\n<p>Reportagem \u00e9 Diorgenes Ribeiro \/ Aqui Not\u00edcias<\/p>\n<p><strong>EDITORIAL PAULO ROBERTO DA R\u00c1DIO:<\/strong><\/p>\n<p>\u00c9 preciso investigar o que uma crian\u00e7a disse que a diretora fez\u00a0 ao saber que a briga estava acontecendo , segundo relata\u00a0 uma das irmas da v\u00edtima. a Samira relatou que sua irm\u00e3 Gisele de Oliveira Verli, de 8 anos, que estuda na mesma escola de Luiz Fernando, teria presenciado a agress\u00e3o, e quando foi pedir por socorro na dire\u00e7\u00e3o da escola,<span style=\"color: #ff0000;\"><strong> a diretora teria falado <span style=\"color: #0000ff;\">\u201cpara deixar eles resolverem, quem tivesse a goela maior engolisse o outro\u201d.<\/span><\/strong><\/span><\/p>\n<p><span style=\"color: #000000;\"><strong>\u00c9 muito dif\u00edcil uma\u00a0 crian\u00e7a de 8 anos inventar uma fala dessas.\u00a0 Se realmente\u00a0 esta diretora falou isso, ela pode ser considerada uma irrespons\u00e1vel, indiretamente uma assassina.<\/strong><\/span><\/p>\n<p><span style=\"color: #000000;\"><strong>Uma mulher dessas, se comprovado que este foi o comportamento dela, tem que ser retirada da dire\u00e7\u00e3o dessa escola imediatamente. Ali\u00e1s, de qualquer forma essa ocorr\u00eancia tem que gerar uma revolta na sociedade daquela localidade e exigir provid\u00eancias urgentes.<\/strong><\/span><\/p>\n<p><span style=\"color: #000000;\"><strong>Como\u00a0 se deixa um monte de crian\u00e7as num p\u00e1tio durante o recreio e nenhum maior pra acompanhar o comportamento deles?<\/strong><\/span><\/p>\n<p><span style=\"color: #000000;\"><strong>Al\u00e9m de tudo, n\u00e3o se teve o m\u00ednimo de respeito pela fam\u00edlia em avisar sobre o ocorrido.<\/strong><\/span><\/p>\n<p><span style=\"color: #000000;\"><strong>Outro erro pode ter sido o\u00a0 m\u00e9dico n\u00e3o avaliar corretamente o caso da crian\u00e7a.<\/strong><\/span><\/p>\n<p><strong>Essa frase :\u00a0<\/strong><span style=\"color: #0000ff;\"> &#8220;<\/span><span style=\"color: #ff0000;\"><strong><span style=\"color: #0000ff;\">quem tivesse a goela maior engolisse o outro\u201d.<\/span> <span style=\"color: #000000;\">Eu j\u00e1 ouvi muito na escola, da parte de uma m\u00e3e irrespons\u00e1vel, que enquanto os seus filhos estavam batendo ela nada fazia, j\u00e1 o dia que os que apanhavam se revoltaram com for\u00e7a e partiram para o ataque, ela foi encontrar os os meninos na estrada para proferir palavras de amea\u00e7a e de humilha\u00e7\u00e3o.<\/span><\/strong><\/span><\/p>\n<p><span style=\"color: #000000;\"><strong>Nunca, nem pai e\u00a0 m\u00e3e, professor ou diretor pode defender um vocabul\u00e1rios\u00a0 desses. \u00c9 preciso que se ensine o respeito e o amor ao pr\u00f3ximo e se deve\u00a0 corrigir atos indevidos.<\/strong><\/span><\/p>\n<p><strong><span style=\"color: #ff0000;\">\u00c9 com muito pesar que republicamos esta mat\u00e9ria e pedimos que todos os pais, professores e diretores, cuidem bem de nossas crian\u00e7as. Que a justi\u00e7a seja feita.<\/span><\/strong><\/p>\n<p><span style=\"color: #000000;\"><strong>\u00a0<\/strong><\/span><\/p>\n","protected":false},"excerpt":{"rendered":"<p>Uma crian\u00e7a de 10 anos morreu na noite desta quinta-feira (12), supostamente ap\u00f3s ter sido agredida em uma unidade de educa\u00e7\u00e3o que pertence \u00e0 rede municipal de ensino do munic\u00edpio de Ibatiba, no Capara\u00f3. Segundo o relato da irm\u00e3 da v\u00edtima, Samira de Oliveira Verli, seu irm\u00e3o, Luiz Fernando de Souza Verli, estudava na escola [&hellip;]<\/p>\n","protected":false},"author":2,"featured_media":0,"comment_status":"open","ping_status":"open","sticky":false,"template":"","format":"standard","meta":{"footnotes":""},"categories":[1],"tags":[],"class_list":["post-140052","post","type-post","status-publish","format-standard","hentry","category-sem-categoria"],"_links":{"self":[{"href":"https:\/\/paulorobertodaradio.com.br\/site\/index.php?rest_route=\/wp\/v2\/posts\/140052","targetHints":{"allow":["GET"]}}],"collection":[{"href":"https:\/\/paulorobertodaradio.com.br\/site\/index.php?rest_route=\/wp\/v2\/posts"}],"about":[{"href":"https:\/\/paulorobertodaradio.com.br\/site\/index.php?rest_route=\/wp\/v2\/types\/post"}],"author":[{"embeddable":true,"href":"https:\/\/paulorobertodaradio.com.br\/site\/index.php?rest_route=\/wp\/v2\/users\/2"}],"replies":[{"embeddable":true,"href":"https:\/\/paulorobertodaradio.com.br\/site\/index.php?rest_route=%2Fwp%2Fv2%2Fcomments&post=140052"}],"version-history":[{"count":1,"href":"https:\/\/paulorobertodaradio.com.br\/site\/index.php?rest_route=\/wp\/v2\/posts\/140052\/revisions"}],"predecessor-version":[{"id":140054,"href":"https:\/\/paulorobertodaradio.com.br\/site\/index.php?rest_route=\/wp\/v2\/posts\/140052\/revisions\/140054"}],"wp:attachment":[{"href":"https:\/\/paulorobertodaradio.com.br\/site\/index.php?rest_route=%2Fwp%2Fv2%2Fmedia&parent=140052"}],"wp:term":[{"taxonomy":"category","embeddable":true,"href":"https:\/\/paulorobertodaradio.com.br\/site\/index.php?rest_route=%2Fwp%2Fv2%2Fcategories&post=140052"},{"taxonomy":"post_tag","embeddable":true,"href":"https:\/\/paulorobertodaradio.com.br\/site\/index.php?rest_route=%2Fwp%2Fv2%2Ftags&post=140052"}],"curies":[{"name":"wp","href":"https:\/\/api.w.org\/{rel}","templated":true}]}}