{"id":4521,"date":"2014-10-16T07:54:51","date_gmt":"2014-10-16T10:54:51","guid":{"rendered":"http:\/\/paulorobertodaradio.com.br\/site\/?p=4521"},"modified":"2014-10-16T08:00:46","modified_gmt":"2014-10-16T11:00:46","slug":"na-br-116-grave-acidente-proximo-a-miradouro-envolve-3-veiculos","status":"publish","type":"post","link":"https:\/\/paulorobertodaradio.com.br\/site\/?p=4521","title":{"rendered":"NA BR 116: GRAVE ACIDENTE PR\u00d3XIMO A MIRADOURO ENVOLVE 3 VE\u00cdCULOS."},"content":{"rendered":"<p><a href=\"http:\/\/paulorobertodaradio.com.br\/site\/wp-content\/uploads\/2014\/10\/ATENDIMENTO-192.jpg\"><img loading=\"lazy\" decoding=\"async\" class=\"aligncenter size-full wp-image-4531\" alt=\"ATENDIMENTO 192\" src=\"http:\/\/paulorobertodaradio.com.br\/site\/wp-content\/uploads\/2014\/10\/ATENDIMENTO-192.jpg\" width=\"620\" height=\"465\" srcset=\"https:\/\/paulorobertodaradio.com.br\/site\/wp-content\/uploads\/2014\/10\/ATENDIMENTO-192.jpg 620w, https:\/\/paulorobertodaradio.com.br\/site\/wp-content\/uploads\/2014\/10\/ATENDIMENTO-192-300x225.jpg 300w\" sizes=\"auto, (max-width: 620px) 100vw, 620px\" \/><\/a>Na noite de ontem quarta feira (15) por volta das 7 da noite, nas proximidades do viaduto da BR 116 em Miradouro, um uno branco placas de Miradouro ficou totalmente danificado, este era conduzido pelo Miradourense \u201cNem\u201d, irm\u00e3o do Onofre do t\u00e1xi onde ele teria tentado uma ultrapassagem, mas acabou perdendo o controle e bateu contra um caminh\u00e3o com placa de Fervedouro\/MG, rodando na pista e bateu de frente com outro caminh\u00e3o de Jequi\u00e9\/BA, lotado de Plantas Ornamentais sentido a Bahia.<\/p>\n<p>Com a batida o motorista foi arremessado para fora do veiculo, sofrendo v\u00e1rios ferimentos. O uno saiu da pista e caiu em uma ribanceira as margens . As v\u00edtimas foram socorridas e atendidas no hospital S\u00e3o Paulo em Muria\u00e9, sendo que o motorista do caminh\u00e3o da Bahia tamb\u00e9m sofreu ferimentos, o passageiro n\u00e3o teria se machucado.<\/p>\n<p>&nbsp;<\/p>\n","protected":false},"excerpt":{"rendered":"<p>Na noite de ontem quarta feira (15) por volta das 7 da noite, nas proximidades do viaduto da BR 116 em Miradouro, um uno branco placas de Miradouro ficou totalmente danificado, este era conduzido pelo Miradourense \u201cNem\u201d, irm\u00e3o do Onofre do t\u00e1xi onde ele teria tentado uma ultrapassagem, mas acabou perdendo o controle e bateu [&hellip;]<\/p>\n","protected":false},"author":2,"featured_media":0,"comment_status":"open","ping_status":"open","sticky":false,"template":"","format":"standard","meta":{"footnotes":""},"categories":[1],"tags":[],"class_list":["post-4521","post","type-post","status-publish","format-standard","hentry","category-sem-categoria"],"_links":{"self":[{"href":"https:\/\/paulorobertodaradio.com.br\/site\/index.php?rest_route=\/wp\/v2\/posts\/4521","targetHints":{"allow":["GET"]}}],"collection":[{"href":"https:\/\/paulorobertodaradio.com.br\/site\/index.php?rest_route=\/wp\/v2\/posts"}],"about":[{"href":"https:\/\/paulorobertodaradio.com.br\/site\/index.php?rest_route=\/wp\/v2\/types\/post"}],"author":[{"embeddable":true,"href":"https:\/\/paulorobertodaradio.com.br\/site\/index.php?rest_route=\/wp\/v2\/users\/2"}],"replies":[{"embeddable":true,"href":"https:\/\/paulorobertodaradio.com.br\/site\/index.php?rest_route=%2Fwp%2Fv2%2Fcomments&post=4521"}],"version-history":[{"count":4,"href":"https:\/\/paulorobertodaradio.com.br\/site\/index.php?rest_route=\/wp\/v2\/posts\/4521\/revisions"}],"predecessor-version":[{"id":4523,"href":"https:\/\/paulorobertodaradio.com.br\/site\/index.php?rest_route=\/wp\/v2\/posts\/4521\/revisions\/4523"}],"wp:attachment":[{"href":"https:\/\/paulorobertodaradio.com.br\/site\/index.php?rest_route=%2Fwp%2Fv2%2Fmedia&parent=4521"}],"wp:term":[{"taxonomy":"category","embeddable":true,"href":"https:\/\/paulorobertodaradio.com.br\/site\/index.php?rest_route=%2Fwp%2Fv2%2Fcategories&post=4521"},{"taxonomy":"post_tag","embeddable":true,"href":"https:\/\/paulorobertodaradio.com.br\/site\/index.php?rest_route=%2Fwp%2Fv2%2Ftags&post=4521"}],"curies":[{"name":"wp","href":"https:\/\/api.w.org\/{rel}","templated":true}]}}