{"id":4533,"date":"2014-10-16T09:41:30","date_gmt":"2014-10-16T12:41:30","guid":{"rendered":"http:\/\/paulorobertodaradio.com.br\/site\/?p=4533"},"modified":"2014-10-16T09:41:30","modified_gmt":"2014-10-16T12:41:30","slug":"em-mirai-quarta-feira-quente-em-mirai","status":"publish","type":"post","link":"https:\/\/paulorobertodaradio.com.br\/site\/?p=4533","title":{"rendered":"EM MIRA\u00cd: QUARTA FEIRA &#8220;QUENTE&#8221; EM MIRA\u00cd."},"content":{"rendered":"<p><a href=\"http:\/\/paulorobertodaradio.com.br\/site\/wp-content\/uploads\/2014\/10\/mirai-drogas01.jpg\"><img loading=\"lazy\" decoding=\"async\" class=\"aligncenter size-full wp-image-4534\" alt=\"mirai drogas01\" src=\"http:\/\/paulorobertodaradio.com.br\/site\/wp-content\/uploads\/2014\/10\/mirai-drogas01.jpg\" width=\"620\" height=\"349\" srcset=\"https:\/\/paulorobertodaradio.com.br\/site\/wp-content\/uploads\/2014\/10\/mirai-drogas01.jpg 620w, https:\/\/paulorobertodaradio.com.br\/site\/wp-content\/uploads\/2014\/10\/mirai-drogas01-300x168.jpg 300w\" sizes=\"auto, (max-width: 620px) 100vw, 620px\" \/><\/a>Uma opera\u00e7\u00e3o conjunta da Pol\u00edcia Militar e Pol\u00edcia Civil de Mira\u00ed resultou na pris\u00e3o da \u201cfam\u00edlia do tr\u00e1fico\u201d como \u00e9 conhecida no meio policial. O trabalho aconteceu nesta quarta-feira em Mira\u00ed atrav\u00e9s do cumprimento de Mandado de Pris\u00e3o. Na casa dos suspeitos a busca foi intensa e rapidamente a pol\u00edcia j\u00e1 havia prendido duas mulheres e um homem e apreendido no banheiro da casa dentro do cesto, pedras de crack, e foi falado tamb\u00e9m que parte da droga havia sido jogada no vaso e deram descarga. Um dos militares arrancou o vaso e debaixo do mesmo estavam sete pedras de crack, que daria para fazer cerca de 250 pedras menores prontas para a venda. Apreendidos tamb\u00e9m quatro gaiolas com p\u00e1ssaros e na garagem estavam uma moto Honda CBX Twister, vermelha, um ve\u00edculo Toyota Corolla, blindado, placa de Cataguases-MG, e em cima da laje muni\u00e7\u00e3o, calibre .32 , deflagrada e uma espingarda.<a href=\"http:\/\/paulorobertodaradio.com.br\/site\/wp-content\/uploads\/2014\/10\/mirai-drogas02.jpg\"><img loading=\"lazy\" decoding=\"async\" class=\"aligncenter size-full wp-image-4535\" alt=\"mirai drogas02\" src=\"http:\/\/paulorobertodaradio.com.br\/site\/wp-content\/uploads\/2014\/10\/mirai-drogas02.jpg\" width=\"620\" height=\"349\" srcset=\"https:\/\/paulorobertodaradio.com.br\/site\/wp-content\/uploads\/2014\/10\/mirai-drogas02.jpg 620w, https:\/\/paulorobertodaradio.com.br\/site\/wp-content\/uploads\/2014\/10\/mirai-drogas02-300x168.jpg 300w\" sizes=\"auto, (max-width: 620px) 100vw, 620px\" \/><\/a> <a href=\"http:\/\/paulorobertodaradio.com.br\/site\/wp-content\/uploads\/2014\/10\/mirai-drogas03.jpg\"><img loading=\"lazy\" decoding=\"async\" class=\"aligncenter size-full wp-image-4536\" alt=\"mirai drogas03\" src=\"http:\/\/paulorobertodaradio.com.br\/site\/wp-content\/uploads\/2014\/10\/mirai-drogas03.jpg\" width=\"620\" height=\"349\" srcset=\"https:\/\/paulorobertodaradio.com.br\/site\/wp-content\/uploads\/2014\/10\/mirai-drogas03.jpg 620w, https:\/\/paulorobertodaradio.com.br\/site\/wp-content\/uploads\/2014\/10\/mirai-drogas03-300x168.jpg 300w\" sizes=\"auto, (max-width: 620px) 100vw, 620px\" \/><\/a> <a href=\"http:\/\/paulorobertodaradio.com.br\/site\/wp-content\/uploads\/2014\/10\/mirai-drogas04.jpg\"><img loading=\"lazy\" decoding=\"async\" class=\"aligncenter size-full wp-image-4537\" alt=\"mirai drogas04\" src=\"http:\/\/paulorobertodaradio.com.br\/site\/wp-content\/uploads\/2014\/10\/mirai-drogas04.jpg\" width=\"620\" height=\"349\" srcset=\"https:\/\/paulorobertodaradio.com.br\/site\/wp-content\/uploads\/2014\/10\/mirai-drogas04.jpg 620w, https:\/\/paulorobertodaradio.com.br\/site\/wp-content\/uploads\/2014\/10\/mirai-drogas04-300x168.jpg 300w\" sizes=\"auto, (max-width: 620px) 100vw, 620px\" \/><\/a> <a href=\"http:\/\/paulorobertodaradio.com.br\/site\/wp-content\/uploads\/2014\/10\/mirai-drogas05.jpg\"><img loading=\"lazy\" decoding=\"async\" class=\"aligncenter size-full wp-image-4538\" alt=\"mirai drogas05\" src=\"http:\/\/paulorobertodaradio.com.br\/site\/wp-content\/uploads\/2014\/10\/mirai-drogas05.jpg\" width=\"620\" height=\"349\" srcset=\"https:\/\/paulorobertodaradio.com.br\/site\/wp-content\/uploads\/2014\/10\/mirai-drogas05.jpg 620w, https:\/\/paulorobertodaradio.com.br\/site\/wp-content\/uploads\/2014\/10\/mirai-drogas05-300x168.jpg 300w\" sizes=\"auto, (max-width: 620px) 100vw, 620px\" \/><\/a> <a href=\"http:\/\/paulorobertodaradio.com.br\/site\/wp-content\/uploads\/2014\/10\/mirai-drogas06.jpg\"><img loading=\"lazy\" decoding=\"async\" class=\"aligncenter size-full wp-image-4539\" alt=\"mirai drogas06\" src=\"http:\/\/paulorobertodaradio.com.br\/site\/wp-content\/uploads\/2014\/10\/mirai-drogas06.jpg\" width=\"620\" height=\"349\" srcset=\"https:\/\/paulorobertodaradio.com.br\/site\/wp-content\/uploads\/2014\/10\/mirai-drogas06.jpg 620w, https:\/\/paulorobertodaradio.com.br\/site\/wp-content\/uploads\/2014\/10\/mirai-drogas06-300x168.jpg 300w\" sizes=\"auto, (max-width: 620px) 100vw, 620px\" \/><\/a><\/p>\n<p>&nbsp;<\/p>\n<p>Colabora\u00e7\u00e3o: silvanalves.com.br<\/p>\n","protected":false},"excerpt":{"rendered":"<p>Uma opera\u00e7\u00e3o conjunta da Pol\u00edcia Militar e Pol\u00edcia Civil de Mira\u00ed resultou na pris\u00e3o da \u201cfam\u00edlia do tr\u00e1fico\u201d como \u00e9 conhecida no meio policial. O trabalho aconteceu nesta quarta-feira em Mira\u00ed atrav\u00e9s do cumprimento de Mandado de Pris\u00e3o. Na casa dos suspeitos a busca foi intensa e rapidamente a pol\u00edcia j\u00e1 havia prendido duas mulheres [&hellip;]<\/p>\n","protected":false},"author":2,"featured_media":0,"comment_status":"open","ping_status":"open","sticky":false,"template":"","format":"standard","meta":{"footnotes":""},"categories":[1],"tags":[],"class_list":["post-4533","post","type-post","status-publish","format-standard","hentry","category-sem-categoria"],"_links":{"self":[{"href":"https:\/\/paulorobertodaradio.com.br\/site\/index.php?rest_route=\/wp\/v2\/posts\/4533","targetHints":{"allow":["GET"]}}],"collection":[{"href":"https:\/\/paulorobertodaradio.com.br\/site\/index.php?rest_route=\/wp\/v2\/posts"}],"about":[{"href":"https:\/\/paulorobertodaradio.com.br\/site\/index.php?rest_route=\/wp\/v2\/types\/post"}],"author":[{"embeddable":true,"href":"https:\/\/paulorobertodaradio.com.br\/site\/index.php?rest_route=\/wp\/v2\/users\/2"}],"replies":[{"embeddable":true,"href":"https:\/\/paulorobertodaradio.com.br\/site\/index.php?rest_route=%2Fwp%2Fv2%2Fcomments&post=4533"}],"version-history":[{"count":2,"href":"https:\/\/paulorobertodaradio.com.br\/site\/index.php?rest_route=\/wp\/v2\/posts\/4533\/revisions"}],"predecessor-version":[{"id":4541,"href":"https:\/\/paulorobertodaradio.com.br\/site\/index.php?rest_route=\/wp\/v2\/posts\/4533\/revisions\/4541"}],"wp:attachment":[{"href":"https:\/\/paulorobertodaradio.com.br\/site\/index.php?rest_route=%2Fwp%2Fv2%2Fmedia&parent=4533"}],"wp:term":[{"taxonomy":"category","embeddable":true,"href":"https:\/\/paulorobertodaradio.com.br\/site\/index.php?rest_route=%2Fwp%2Fv2%2Fcategories&post=4533"},{"taxonomy":"post_tag","embeddable":true,"href":"https:\/\/paulorobertodaradio.com.br\/site\/index.php?rest_route=%2Fwp%2Fv2%2Ftags&post=4533"}],"curies":[{"name":"wp","href":"https:\/\/api.w.org\/{rel}","templated":true}]}}