{"id":4553,"date":"2014-10-16T10:10:35","date_gmt":"2014-10-16T13:10:35","guid":{"rendered":"http:\/\/paulorobertodaradio.com.br\/site\/?p=4553"},"modified":"2014-10-16T10:10:35","modified_gmt":"2014-10-16T13:10:35","slug":"na-politica-bancada-evangelica-cresce-14","status":"publish","type":"post","link":"https:\/\/paulorobertodaradio.com.br\/site\/?p=4553","title":{"rendered":"NA POL\u00cdTICA: BANCADA EVANG\u00c9LICA CRESCE 14%."},"content":{"rendered":"<p><span style=\"line-height: 1.714285714; font-size: 1rem;\"><a href=\"http:\/\/paulorobertodaradio.com.br\/site\/wp-content\/uploads\/2014\/10\/urna-eletronica.jpg\"><img loading=\"lazy\" decoding=\"async\" class=\"size-full wp-image-4554 alignleft\" alt=\"urna eletronica\" src=\"http:\/\/paulorobertodaradio.com.br\/site\/wp-content\/uploads\/2014\/10\/urna-eletronica.jpg\" width=\"290\" height=\"196\" \/><\/a>O resultado das urnas demonstrou que a comunidade evang\u00e9lica se conscientizou em exercer a sua cidadania e buscou sua representatividade na pol\u00edtica nacional. Segundo mat\u00e9ria no site \u2018O Globo\u2019, desta quarta-feira (7), a bancada evang\u00e9lica na C\u00e2mara crescer\u00e1 14% a partir do ano que vem, com os 80 deputados federais eleitos.<\/span><\/p>\n<p>Atualmente s\u00e3o 70 representantes, entre bispos, pastores e seguidores de igrejas. O aumento, ainda que menor que os 30% esperados pela Frente Parlamentar Evang\u00e9lica, dever\u00e1 tornar ainda mais dif\u00edcil a aprova\u00e7\u00e3o de projetos ligados a causas de homossexuais ou em defesa do aborto.<\/p>\n<p>S\u00e3o Paulo, o maior col\u00e9gio eleitoral do pa\u00eds, e Rio de Janeiro, o terceiro, elegeram a maior parte dos candidatos evang\u00e9licos: cada um dos estados ter\u00e1 14 deputados. O Paran\u00e1 vem em seguida, com oito. Ao todo, 39 deputados federais que hoje integram a Frente Parlamentar Evang\u00e9lica n\u00e3o se reelegeram, mas alguns conseguiram fazer de parentes seus sucessores.<\/p>\n<p>Entre os novos parlamentares, v\u00e1rios s\u00e3o apadrinhados por nomes de peso dentro de suas igrejas. Como \u00e9 o caso de S\u00f3stenes Cavalcante (PSD-RJ), eleito deputado federal, que contou com o apoio do pastor Silas Malafaia, l\u00edder da Assembleia de Deus Vit\u00f3ria em Cristo (Avec), em sua campanha.<\/p>\n<p>\u201cDou cidadania h\u00e1 28 anos, ensino como \u00e9 o voto. Falo para o pessoal que \u00e9 o voto da representa\u00e7\u00e3o do segmento. Converso com esses caras e com v\u00e1rios deputados que n\u00e3o contaram com minha participa\u00e7\u00e3o na campanha, que, mesmo assim, ligam para mim, agradecendo\u201d, disse \u00e0 reportagem o pastor Silas.<\/p>\n<p>Alguns dos candidatos eleitos<\/p>\n<p>Dos oito candidatos apoiados pelo pastor Silas Malafaia seis foram eleitos. S\u00e3o eles: (reeleito) deputado estadual Samuel Malafaia (PSD-RJ), com 140.148 votos, sendo 4\u00ba mais votado; e demais deputados estaduais Lula Cabral (PSB-PE), com 50.886 votos, e Albert Dickson (PP-RN), com 37.461 votos. Para deputado federal: S\u00f3stenes Cavalcante (PSD-RJ), com 104.697 votos; Gilberto Nascimento (PSC-SP), com 120.044 votos, e Fabio Souza (PSDB-GO), com 82.204 votos.<\/p>\n<p>Pastor Silas agradece aos que votaram nos candidatos apoiados por ele e tamb\u00e9m aos irm\u00e3os que votaram em outros candidatos que nos representam.<\/p>\n<p>Em Minas Gerais, pastor Flamarion Rolando, l\u00edder da Evangelho Quadrangular em Governador Valadares, apoiou dois candidatos que tamb\u00e9m foram eleitos. S\u00e3o eles: deputado federal Stefano Aguiar (PSB-MG), com 144.153 votos, e para deputado estadual Leandro Genaro (PSB-MG), com 127.868 votos, sendo o 3\u00ba mais votado.<\/p>\n","protected":false},"excerpt":{"rendered":"<p>O resultado das urnas demonstrou que a comunidade evang\u00e9lica se conscientizou em exercer a sua cidadania e buscou sua representatividade na pol\u00edtica nacional. Segundo mat\u00e9ria no site \u2018O Globo\u2019, desta quarta-feira (7), a bancada evang\u00e9lica na C\u00e2mara crescer\u00e1 14% a partir do ano que vem, com os 80 deputados federais eleitos. Atualmente s\u00e3o 70 representantes, [&hellip;]<\/p>\n","protected":false},"author":2,"featured_media":0,"comment_status":"open","ping_status":"open","sticky":false,"template":"","format":"standard","meta":{"footnotes":""},"categories":[1],"tags":[],"class_list":["post-4553","post","type-post","status-publish","format-standard","hentry","category-sem-categoria"],"_links":{"self":[{"href":"https:\/\/paulorobertodaradio.com.br\/site\/index.php?rest_route=\/wp\/v2\/posts\/4553","targetHints":{"allow":["GET"]}}],"collection":[{"href":"https:\/\/paulorobertodaradio.com.br\/site\/index.php?rest_route=\/wp\/v2\/posts"}],"about":[{"href":"https:\/\/paulorobertodaradio.com.br\/site\/index.php?rest_route=\/wp\/v2\/types\/post"}],"author":[{"embeddable":true,"href":"https:\/\/paulorobertodaradio.com.br\/site\/index.php?rest_route=\/wp\/v2\/users\/2"}],"replies":[{"embeddable":true,"href":"https:\/\/paulorobertodaradio.com.br\/site\/index.php?rest_route=%2Fwp%2Fv2%2Fcomments&post=4553"}],"version-history":[{"count":2,"href":"https:\/\/paulorobertodaradio.com.br\/site\/index.php?rest_route=\/wp\/v2\/posts\/4553\/revisions"}],"predecessor-version":[{"id":4556,"href":"https:\/\/paulorobertodaradio.com.br\/site\/index.php?rest_route=\/wp\/v2\/posts\/4553\/revisions\/4556"}],"wp:attachment":[{"href":"https:\/\/paulorobertodaradio.com.br\/site\/index.php?rest_route=%2Fwp%2Fv2%2Fmedia&parent=4553"}],"wp:term":[{"taxonomy":"category","embeddable":true,"href":"https:\/\/paulorobertodaradio.com.br\/site\/index.php?rest_route=%2Fwp%2Fv2%2Fcategories&post=4553"},{"taxonomy":"post_tag","embeddable":true,"href":"https:\/\/paulorobertodaradio.com.br\/site\/index.php?rest_route=%2Fwp%2Fv2%2Ftags&post=4553"}],"curies":[{"name":"wp","href":"https:\/\/api.w.org\/{rel}","templated":true}]}}